{"id":10023,"date":"2020-03-13T12:29:16","date_gmt":"2020-03-13T18:29:16","guid":{"rendered":"http:\/\/elobservatorio.com.mx\/?p=10023"},"modified":"2020-03-13T12:33:02","modified_gmt":"2020-03-13T18:33:02","slug":"asociacion-de-abogadas-lideresrespaldan-a-la-dra-yarazeth-villalpando-para-magistrada","status":"publish","type":"post","link":"http:\/\/elobservatorio.com.mx\/?p=10023","title":{"rendered":"Organizaci\u00f3n de \u00abAbogadas l\u00edderes\u00bbrespaldan a la Dra. Yarazeth Villalpando para magistrada"},"content":{"rendered":"<p>La Organizaci\u00f3n de Abogadas L\u00edderes del Derecho A. C., reconoce a la Dra. Yarazhet Villalpando Valdez como la mejor aspirante a ocupar el cargo de Magistrada en el Tribunal de Justicia Administrativa del Estado de Colima, en virtud de haber sido la candidata con la mayor calificaci\u00f3n en el proceso de evaluaci\u00f3n para ocupar dicho cargo. Aunado a ello, cuenta con una trayectoria profesional inmejorable en la materia.<\/p>\n<p>Seguras estamos de que realizar\u00e1 una extraordinaria labor en la instituci\u00f3n, como lo ha venido haciendo, ya que la experiencia que en ella ha forjado, ha sido una parte fundamental de su carrera, aunada a la alta capacidad y conocimientos jur\u00eddicos que siempre ha demostrado.<\/p>\n<p>Por lo anterior, tenemos la plena certeza de que desarrollar\u00e1 un extraordinario papel en la Impartici\u00f3n de Justicia Administrativa, siempre atenta en los principios de providad, honradez, responsabilidad, \u00e9tica profesional y respeto a los derechos humanos de la sociedad Colimense.<\/p>\n<p>ATENTAMENTE<br \/>\nLic. Yeimi Bustos Rodr\u00edguez, Presidenta<br \/>\nLic. Cynthia D\u00edaz Montelongo, Vicepresidenta<\/p>\n","protected":false},"excerpt":{"rendered":"<p>La Organizaci\u00f3n de Abogadas L\u00edderes del Derecho A. C., reconoce a la Dra. Yarazhet Villalpando Valdez como la mejor aspirante a ocupar el cargo de Magistrada en el Tribunal de Justicia Administrativa del Estado de Colima, en virtud de haber sido la candidata con la mayor calificaci\u00f3n en el proceso de evaluaci\u00f3n para ocupar dicho&#8230;<\/p>\n","protected":false},"author":2,"featured_media":10024,"comment_status":"open","ping_status":"open","sticky":false,"template":"","format":"standard","meta":{"footnotes":""},"categories":[12],"tags":[29,30,28],"class_list":["post-10023","post","type-post","status-publish","format-standard","has-post-thumbnail","hentry","category-sociedad","tag-grid","tag-news","tag-slider"],"_links":{"self":[{"href":"http:\/\/elobservatorio.com.mx\/index.php?rest_route=\/wp\/v2\/posts\/10023"}],"collection":[{"href":"http:\/\/elobservatorio.com.mx\/index.php?rest_route=\/wp\/v2\/posts"}],"about":[{"href":"http:\/\/elobservatorio.com.mx\/index.php?rest_route=\/wp\/v2\/types\/post"}],"author":[{"embeddable":true,"href":"http:\/\/elobservatorio.com.mx\/index.php?rest_route=\/wp\/v2\/users\/2"}],"replies":[{"embeddable":true,"href":"http:\/\/elobservatorio.com.mx\/index.php?rest_route=%2Fwp%2Fv2%2Fcomments&post=10023"}],"version-history":[{"count":0,"href":"http:\/\/elobservatorio.com.mx\/index.php?rest_route=\/wp\/v2\/posts\/10023\/revisions"}],"wp:featuredmedia":[{"embeddable":true,"href":"http:\/\/elobservatorio.com.mx\/index.php?rest_route=\/wp\/v2\/media\/10024"}],"wp:attachment":[{"href":"http:\/\/elobservatorio.com.mx\/index.php?rest_route=%2Fwp%2Fv2%2Fmedia&parent=10023"}],"wp:term":[{"taxonomy":"category","embeddable":true,"href":"http:\/\/elobservatorio.com.mx\/index.php?rest_route=%2Fwp%2Fv2%2Fcategories&post=10023"},{"taxonomy":"post_tag","embeddable":true,"href":"http:\/\/elobservatorio.com.mx\/index.php?rest_route=%2Fwp%2Fv2%2Ftags&post=10023"}],"curies":[{"name":"wp","href":"https:\/\/api.w.org\/{rel}","templated":true}]}}