{"id":10028,"date":"2020-03-13T14:38:38","date_gmt":"2020-03-13T20:38:38","guid":{"rendered":"http:\/\/elobservatorio.com.mx\/?p=10028"},"modified":"2020-03-13T14:39:03","modified_gmt":"2020-03-13T20:39:03","slug":"confirmado-reglamentos-autoriza-ambulantes-arriba-del-jardin","status":"publish","type":"post","link":"http:\/\/elobservatorio.com.mx\/?p=10028","title":{"rendered":"Confirmado: Reglamentos autoriza ambulantes arriba del jard\u00edn"},"content":{"rendered":"<p>Como lo hab\u00edamos se\u00f1alado en una nota anterior, de que hab\u00edan un vendedor de agua de coco invadiendo el jard\u00edn principal, el cual result\u00f3 ser influyente, y que no hay nadie que lo pueda mover por estar protegido.<\/p>\n<p>Este medio de comunicaci\u00f3n acudi\u00f3 a verificar la informaci\u00f3n, y result\u00f3 ser dos los ambulantes que nuevamente a complacencia de las autoridades est\u00e1n instalados, adem\u00e1s de que otros tres ambulantes ya andaban midiendo su espacio para solicitar permiso para Semana Santa, aseguraron ahorita el director de reglamentos, Juan Valdivia,\u00a0 est\u00e1 autorizando lugares con cierta cantidad de dinero para no ser molestados.<\/p>\n<p>Cabe se\u00f1alar que frente al jard\u00edn hay cerca de 4 negocios de aguas frescas establecidos de manera formal, que pagan energ\u00eda el\u00e9ctrica, renta y empleados.<\/p>\n","protected":false},"excerpt":{"rendered":"<p>Como lo hab\u00edamos se\u00f1alado en una nota anterior, de que hab\u00edan un vendedor de agua de coco invadiendo el jard\u00edn principal, el cual result\u00f3 ser influyente, y que no hay nadie que lo pueda mover por estar protegido. Este medio de comunicaci\u00f3n acudi\u00f3 a verificar la informaci\u00f3n, y result\u00f3 ser dos los ambulantes que nuevamente&#8230;<\/p>\n","protected":false},"author":2,"featured_media":10029,"comment_status":"open","ping_status":"open","sticky":false,"template":"","format":"standard","meta":{"footnotes":""},"categories":[19,34],"tags":[29,30,28],"class_list":["post-10028","post","type-post","status-publish","format-standard","has-post-thumbnail","hentry","category-fotonotas","category-tecoman","tag-grid","tag-news","tag-slider"],"_links":{"self":[{"href":"http:\/\/elobservatorio.com.mx\/index.php?rest_route=\/wp\/v2\/posts\/10028"}],"collection":[{"href":"http:\/\/elobservatorio.com.mx\/index.php?rest_route=\/wp\/v2\/posts"}],"about":[{"href":"http:\/\/elobservatorio.com.mx\/index.php?rest_route=\/wp\/v2\/types\/post"}],"author":[{"embeddable":true,"href":"http:\/\/elobservatorio.com.mx\/index.php?rest_route=\/wp\/v2\/users\/2"}],"replies":[{"embeddable":true,"href":"http:\/\/elobservatorio.com.mx\/index.php?rest_route=%2Fwp%2Fv2%2Fcomments&post=10028"}],"version-history":[{"count":0,"href":"http:\/\/elobservatorio.com.mx\/index.php?rest_route=\/wp\/v2\/posts\/10028\/revisions"}],"wp:featuredmedia":[{"embeddable":true,"href":"http:\/\/elobservatorio.com.mx\/index.php?rest_route=\/wp\/v2\/media\/10029"}],"wp:attachment":[{"href":"http:\/\/elobservatorio.com.mx\/index.php?rest_route=%2Fwp%2Fv2%2Fmedia&parent=10028"}],"wp:term":[{"taxonomy":"category","embeddable":true,"href":"http:\/\/elobservatorio.com.mx\/index.php?rest_route=%2Fwp%2Fv2%2Fcategories&post=10028"},{"taxonomy":"post_tag","embeddable":true,"href":"http:\/\/elobservatorio.com.mx\/index.php?rest_route=%2Fwp%2Fv2%2Ftags&post=10028"}],"curies":[{"name":"wp","href":"https:\/\/api.w.org\/{rel}","templated":true}]}}