{"id":10121,"date":"2020-03-18T20:03:26","date_gmt":"2020-03-19T02:03:26","guid":{"rendered":"http:\/\/elobservatorio.com.mx\/?p=10121"},"modified":"2020-03-18T20:03:26","modified_gmt":"2020-03-19T02:03:26","slug":"400-posibles-contagiados-de-covid-19-son-buscados-en-jalisco-acudieron-a-destinos-de-playas","status":"publish","type":"post","link":"http:\/\/elobservatorio.com.mx\/?p=10121","title":{"rendered":"400 posibles contagiados de Covid-19 son buscados en Jalisco; acudieron a destinos de playas"},"content":{"rendered":"<p><em>*El gobernador de Jalisco, Enrique Alfaro Ram\u00edrez, pidi\u00f3 el apoyo de la poblaci\u00f3n para localizar a 400 personas que viajaron en dos vuelos ch\u00e1rter a una zona de esqu\u00ed en Colorado, EU<\/em><\/p>\n<p class=\"letter-capitular\">El gobernador de Jalisco, Enrique Alfaro Ram\u00edrez<strong>,<\/strong>\u00a0pidi\u00f3 el apoyo de la poblaci\u00f3n para localizar a\u00a0400 personas que est\u00e1n en el estadoy<strong>\u00a0<\/strong>que viajaron en d\u00edas pasados en dos vuelos ch\u00e1rter a Vail, una zona de esqu\u00ed en Colorado, Estados Unidos, ya que varias de ellas podr\u00edan tener\u00a0<strong>coronavirus Covid-19.<\/strong><\/p>\n<p>El mandatario explic\u00f3\u00a0en un video que subi\u00f3 a sus redes sociales que a su regreso a Jalisco, estas personas estuvieron todav\u00eda en Bah\u00eda de Banderas y \u201choy representan un riesgo para los dem\u00e1s\u201d.<\/p>\n<p>El mandatario estatal reiter\u00f3 que dichas personas, quienes a\u00fan no han sido contactadas en su totalidad, representan \u201cel frente potencial m\u00e1s importante de contagio en Jalisco\u201d, por lo que tambi\u00e9n les pidi\u00f3 ser responsables.<\/p>\n<blockquote><p>Tenemos que tom\u00e1rnoslo en serio. Particularmente necesitamos que este grupo de personas que fueron parte de este viaje entiendan que tienen una alt\u00edsima probabilidad de haber adquirido este virus, y que son hoy un riesgo potencial para la gente que est\u00e1 cerca de ustedes. Necesitamos que haya un alto sentido de responsabilidad, que se mantengan en sus casas\u201d, se\u00f1al\u00f3.<\/p>\n<blockquote class=\"twitter-tweet\" data-width=\"550\" data-dnt=\"true\">\n<p lang=\"es\" dir=\"ltr\">Este video es para pedir tu ayuda y es de suma importancia:<\/p>\n<p>Alrededor de 400 personas estuvieron en dos vuelos ch\u00e1rter hacia Vail, una zona de esqu\u00ed en Colorado, EUA, varias de ellas con <a href=\"https:\/\/twitter.com\/hashtag\/coronavirus?src=hash&amp;ref_src=twsrc%5Etfw\" target=\"_blank\" rel=\"noopener\">#coronavirus<\/a>. Hoy est\u00e1n en Jalisco y representan un riesgo para los dem\u00e1s. <a href=\"https:\/\/t.co\/s7Z5R36gg0\" target=\"_blank\">pic.twitter.com\/s7Z5R36gg0<\/a><\/p>\n<p>&mdash; Enrique Alfaro (@EnriqueAlfaroR) <a href=\"https:\/\/twitter.com\/EnriqueAlfaroR\/status\/1240350847600594945?ref_src=twsrc%5Etfw\" target=\"_blank\" rel=\"noopener\">March 18, 2020<\/a><\/p><\/blockquote>\n<p><script async src=\"https:\/\/platform.twitter.com\/widgets.js\" charset=\"utf-8\"><\/script><\/p>\n<p><em>Con informaci\u00f3n de Excelsior.com.mx\u00a0<\/em><\/p><\/blockquote>\n","protected":false},"excerpt":{"rendered":"<p>*El gobernador de Jalisco, Enrique Alfaro Ram\u00edrez, pidi\u00f3 el apoyo de la poblaci\u00f3n para localizar a 400 personas que viajaron en dos vuelos ch\u00e1rter a una zona de esqu\u00ed en Colorado, EU El gobernador de Jalisco, Enrique Alfaro Ram\u00edrez,\u00a0pidi\u00f3 el apoyo de la poblaci\u00f3n para localizar a\u00a0400 personas que est\u00e1n en el estadoy\u00a0que viajaron en&#8230;<\/p>\n","protected":false},"author":2,"featured_media":10122,"comment_status":"open","ping_status":"open","sticky":false,"template":"","format":"standard","meta":{"footnotes":""},"categories":[18],"tags":[29,30,28],"class_list":["post-10121","post","type-post","status-publish","format-standard","has-post-thumbnail","hentry","category-region","tag-grid","tag-news","tag-slider"],"_links":{"self":[{"href":"http:\/\/elobservatorio.com.mx\/index.php?rest_route=\/wp\/v2\/posts\/10121"}],"collection":[{"href":"http:\/\/elobservatorio.com.mx\/index.php?rest_route=\/wp\/v2\/posts"}],"about":[{"href":"http:\/\/elobservatorio.com.mx\/index.php?rest_route=\/wp\/v2\/types\/post"}],"author":[{"embeddable":true,"href":"http:\/\/elobservatorio.com.mx\/index.php?rest_route=\/wp\/v2\/users\/2"}],"replies":[{"embeddable":true,"href":"http:\/\/elobservatorio.com.mx\/index.php?rest_route=%2Fwp%2Fv2%2Fcomments&post=10121"}],"version-history":[{"count":0,"href":"http:\/\/elobservatorio.com.mx\/index.php?rest_route=\/wp\/v2\/posts\/10121\/revisions"}],"wp:featuredmedia":[{"embeddable":true,"href":"http:\/\/elobservatorio.com.mx\/index.php?rest_route=\/wp\/v2\/media\/10122"}],"wp:attachment":[{"href":"http:\/\/elobservatorio.com.mx\/index.php?rest_route=%2Fwp%2Fv2%2Fmedia&parent=10121"}],"wp:term":[{"taxonomy":"category","embeddable":true,"href":"http:\/\/elobservatorio.com.mx\/index.php?rest_route=%2Fwp%2Fv2%2Fcategories&post=10121"},{"taxonomy":"post_tag","embeddable":true,"href":"http:\/\/elobservatorio.com.mx\/index.php?rest_route=%2Fwp%2Fv2%2Ftags&post=10121"}],"curies":[{"name":"wp","href":"https:\/\/api.w.org\/{rel}","templated":true}]}}