{"id":10125,"date":"2020-03-19T11:16:56","date_gmt":"2020-03-19T17:16:56","guid":{"rendered":"http:\/\/elobservatorio.com.mx\/?p=10125"},"modified":"2020-03-19T11:16:56","modified_gmt":"2020-03-19T17:16:56","slug":"se-declara-en-emergencia-al-estado-de-colima-por-llegada-de-covid-19","status":"publish","type":"post","link":"http:\/\/elobservatorio.com.mx\/?p=10125","title":{"rendered":"Se Declara en Emergencia al Estado de Colima por llegada de Covid-19"},"content":{"rendered":"<p class=\"x_MsoNormal\"><i>*Fue autorizado por unanimidad en el Consejo Estatal de Protecci\u00f3n Civil +Con ello, se faculta al gobernador a tomar m\u00e1s medidas para proteger la salud de la poblaci\u00f3n +Las medidas deben ser aprobadas previamente por el Comit\u00e9 Estatal de Seguridad en Salud P\u00fablica del Estado<\/i><\/p>\n<p class=\"x_MsoNormal\">El Consejo Estatal de Protecci\u00f3n Civil, que preside el gobernador Jos\u00e9 Ignacio Peralta S\u00e1nchez, aprob\u00f3 por unanimidad emitir la Declaratoria de Emergencia por coronavirus Covid-19 en el Estado de Colima, la cual entr\u00f3 en vigor este 18 de marzo al publicarse en el Peri\u00f3dico Oficial del Estado<\/p>\n<p class=\"x_MsoNormal\">Ignacio Peralta consider\u00f3 que esta declaratoria es hist\u00f3rica, dura, pero necesaria.<\/p>\n<p class=\"x_MsoNormal\">El objetivo de la misma es proteger la salud de los colimenses, asegur\u00f3 en la Sesi\u00f3n Extraordinaria realizada en el Centro de Convenciones del Complejo Administrativo.<\/p>\n<p class=\"x_MsoNormal\">En su calidad de presidente del Consejo enfatiz\u00f3 que en un primer momento se busca evitar que la poblaci\u00f3n est\u00e9 en la calle y que se aplique con contundencia el aislamiento y distanciamiento social.<\/p>\n<p class=\"x_MsoNormal\">Al dar lectura a la Declaratoria indic\u00f3 que \u00e9sta se da ante la inminencia, alta probabilidad u ocurrencia de un desastre sanitario derivado de la pandemia provocada por el coronavirus SARS-COV-2 (Covid-19).<\/p>\n<p class=\"x_MsoNormal\">La declaratoria faculta al gobernador para que, en caso de ser necesarias, se implementen y contemplen 16 acciones de prevenci\u00f3n, mitigaci\u00f3n, seguridad, detecci\u00f3n y atenci\u00f3n.<\/p>\n<p class=\"x_MsoNormal\">En su mensaje, el mandatario estatal aclar\u00f3 que las medidas que se vayan a tomar tendr\u00e1n que ser avaladas por el Comit\u00e9 Estatal de Seguridad en Salud P\u00fablica del Estado.<\/p>\n<p class=\"x_MsoNormal\">Entre las cuales podr\u00edan estar:<\/p>\n<p class=\"x_MsoNormal\">1.- El aislamiento, observaci\u00f3n y cuarentena de personas que sean sospechosas de padecer la enfermedad y de los portadores del virus, por el tiempo que resulte estrictamente necesario, as\u00ed como la limitaci\u00f3n de sus actividades, cuando as\u00ed se amerite por razones epidemiol\u00f3gicas;<\/p>\n<p class=\"x_MsoNormal\">2.- La suspensi\u00f3n o restricci\u00f3n de actividades p\u00fablicas y privadas que se recomienden;<\/p>\n<p class=\"x_MsoNormal\">3.- La aplicaci\u00f3n de medicamentos y otros recursos preventivos y terap\u00e9uticos;<\/p>\n<p class=\"x_MsoNormal\">4.- La inspecci\u00f3n de personas que ingresen al territorio del Estado que puedan ser portadores del virus, as\u00ed como de equipajes, medios de transporte, mercanc\u00edas y otros objetos que puedan ser fuentes o veh\u00edculos del agente.<\/p>\n<p class=\"x_MsoNormal\">5.- El ingreso a todo tipo de local o casa habitaci\u00f3n para el cumplimiento de actividades dirigidas al control y combate de la pandemia.<\/p>\n<p class=\"x_MsoNormal\">6.- La utilizaci\u00f3n de todos los recursos m\u00e9dicos y de asistencia social de los sectores p\u00fablico, social y privado existentes.<\/p>\n<p class=\"x_MsoNormal\">7.- La adquisici\u00f3n de equipo m\u00e9dico, agentes de diagn\u00f3stico, material quir\u00fargico y de curaci\u00f3n y productos higi\u00e9nicos, as\u00ed como todo tipo de mercanc\u00edas, objetos, bienes y servicios que resulten necesarios para hacer frente a la contingencia, sin necesidad de agotar el procedimiento de licitaci\u00f3n p\u00fablica, por las cantidades o conceptos necesarios para afrontarla.<\/p>\n<p class=\"x_MsoNormal\">8.- Ordenar las medidas atingentes a fin de evitar congregaciones de personas en cualquier lugar de reuni\u00f3n, incluyendo la clausura temporal de locales comerciales, centros de espect\u00e1culo, locales de fiesta, bares, restaurantes o cualquier otro de convivencia social.<\/p>\n<p class=\"x_MsoNormal\">9.- Ordenar el cierre temporal de centros laborales, empresas, negocios o cualquier otro que genere la concentraci\u00f3n de personas.<\/p>\n<p class=\"x_MsoNormal\">10.- Ordenar y aplicar sanciones administrativas, amonestaciones con apercibimiento, multas, clausura temporal o definitiva, que podr\u00e1 ser total o parcial; y arresto hasta por treinta y seis horas a la persona que interfiera o se oponga al ejercicio de las funciones de la autoridad sanitaria, o que en rebeld\u00eda se niegue a cumplir los requerimientos y disposiciones de la autoridad, provocando con ello un riesgo a la salud de las personas.<\/p>\n<p class=\"x_MsoNormal\">11.- Dictar medidas de beneficios fiscales a los contribuyentes y empresas radicadas en el territorio del Estado.<\/p>\n<p class=\"x_MsoNormal\">12.- Regular el tr\u00e1nsito terrestre, as\u00ed como disponer libremente de todos los medios de transporte de propiedad del Estado y de servicio p\u00fablico, cualquiera que sea el r\u00e9gimen legal a que est\u00e9n sujetos estos \u00faltimos, incluyendo, de ser necesario, la suspensi\u00f3n total o parcial del servicio de transporte p\u00fablico.<\/p>\n<p class=\"x_MsoNormal\">13.- Establecer las directrices informativas necesarias a fin de transmitir clara y oportunamente las medidas que se adopten para afrontar la contingencia.<\/p>\n<p class=\"x_MsoNormal\">14.- Ordenar la suspensi\u00f3n de actividades en los centros de atenci\u00f3n infantil, y las clases en escuelas de nivel b\u00e1sico, medio, medio superior y superior, p\u00fablicas y particulares incorporadas al Sistema Educativo Estatal.<\/p>\n<p class=\"x_MsoNormal\">15.- Ordenar el funcionamiento b\u00e1sico de las dependencias o entidades estatales y municipales, con la asistencia m\u00ednima de los servidores p\u00fablicos como un tema de continuidad de operaciones.<\/p>\n<p class=\"x_MsoNormal\">16.-\u00a0 Las dem\u00e1s que resulten necesarias para salvaguardar la vida, integridad y salud de la poblaci\u00f3n, as\u00ed como sus bienes, la infraestructura estrat\u00e9gica, la planta productiva y los medios de vida.<\/p>\n<p class=\"x_MsoNormal\">La declaratoria agrega que estas medidas las ejercer\u00e1 el titular del Poder Ejecutivo o los funcionarios p\u00fablicos que determine, previo an\u00e1lisis y recomendaciones del Comit\u00e9 Estatal de Seguridad en Salud P\u00fablica del Estado.<\/p>\n<p class=\"x_MsoNormal\">Peralta S\u00e1nchez se\u00f1al\u00f3 que, en caso de implementar y ejecutar las acciones referidas, se apoyar\u00e1 con las autoridades municipales correspondientes para su adecuado desarrollo.<\/p>\n<p class=\"x_MsoNormal\">Posteriormente, el mandatario escuch\u00f3 las intervenciones de los miembros del Consejo, representantes de las dependencias del Poder Ejecutivo estatal, federal, municipal, instituciones acad\u00e9micas, as\u00ed como organismos y asociaciones representativos de la sociedad civil, quienes coincidieron en el respaldo a las acciones que se determinen y lo felicitaron por la decisi\u00f3n oportuna.<\/p>\n<p class=\"x_MsoNormal\">En el acto tambi\u00e9n se realiz\u00f3 el establecimiento del Centro Estatal de Operaciones a cargo del secretario general de Gobierno, Arnoldo Ochoa Gonz\u00e1lez; mientras que el director general de la Unidad Estatal de PC, Ricardo Urs\u00faa Moctezuma explic\u00f3 dos marcos normativos de la Ley de Protecci\u00f3n Civil de la entidad.<\/p>\n<p class=\"x_MsoNormal\">A su vez, la secretaria de Salud, Leticia Guadalupe Delgado Carrillo, inform\u00f3 la situaci\u00f3n que guarda en el Estado respecto al Covid-19, las acciones implementadas y recomendaciones; detallando que hasta el momento se tiene solo un caso confirmado y uno en an\u00e1lisis.<\/p>\n<p class=\"x_MsoNormal\">En la sesi\u00f3n se cont\u00f3 con la presencia de representantes de los tres niveles de gobierno, as\u00ed como de l\u00edderes empresariales, organizaciones de la sociedad civil, instituciones educativas, legisladores locales, representantes de las fuerzas armadas, entre otros.<\/p>\n","protected":false},"excerpt":{"rendered":"<p>*Fue autorizado por unanimidad en el Consejo Estatal de Protecci\u00f3n Civil +Con ello, se faculta al gobernador a tomar m\u00e1s medidas para proteger la salud de la poblaci\u00f3n +Las medidas deben ser aprobadas previamente por el Comit\u00e9 Estatal de Seguridad en Salud P\u00fablica del Estado El Consejo Estatal de Protecci\u00f3n Civil, que preside el gobernador&#8230;<\/p>\n","protected":false},"author":2,"featured_media":10126,"comment_status":"open","ping_status":"open","sticky":false,"template":"","format":"standard","meta":{"footnotes":""},"categories":[16],"tags":[29,30,28],"class_list":["post-10125","post","type-post","status-publish","format-standard","has-post-thumbnail","hentry","category-gobierno","tag-grid","tag-news","tag-slider"],"_links":{"self":[{"href":"http:\/\/elobservatorio.com.mx\/index.php?rest_route=\/wp\/v2\/posts\/10125"}],"collection":[{"href":"http:\/\/elobservatorio.com.mx\/index.php?rest_route=\/wp\/v2\/posts"}],"about":[{"href":"http:\/\/elobservatorio.com.mx\/index.php?rest_route=\/wp\/v2\/types\/post"}],"author":[{"embeddable":true,"href":"http:\/\/elobservatorio.com.mx\/index.php?rest_route=\/wp\/v2\/users\/2"}],"replies":[{"embeddable":true,"href":"http:\/\/elobservatorio.com.mx\/index.php?rest_route=%2Fwp%2Fv2%2Fcomments&post=10125"}],"version-history":[{"count":0,"href":"http:\/\/elobservatorio.com.mx\/index.php?rest_route=\/wp\/v2\/posts\/10125\/revisions"}],"wp:featuredmedia":[{"embeddable":true,"href":"http:\/\/elobservatorio.com.mx\/index.php?rest_route=\/wp\/v2\/media\/10126"}],"wp:attachment":[{"href":"http:\/\/elobservatorio.com.mx\/index.php?rest_route=%2Fwp%2Fv2%2Fmedia&parent=10125"}],"wp:term":[{"taxonomy":"category","embeddable":true,"href":"http:\/\/elobservatorio.com.mx\/index.php?rest_route=%2Fwp%2Fv2%2Fcategories&post=10125"},{"taxonomy":"post_tag","embeddable":true,"href":"http:\/\/elobservatorio.com.mx\/index.php?rest_route=%2Fwp%2Fv2%2Ftags&post=10125"}],"curies":[{"name":"wp","href":"https:\/\/api.w.org\/{rel}","templated":true}]}}