{"id":1027,"date":"2018-12-06T21:25:42","date_gmt":"2018-12-06T21:25:42","guid":{"rendered":"http:\/\/elobservatorio.com.mx\/elias-lozano-solucionara-problematica-de-vecinos-de-la-calle-lago-en-primaveras"},"modified":"2018-12-06T21:26:58","modified_gmt":"2018-12-06T21:26:58","slug":"elias-lozano-solucionara-problematica-de-vecinos-de-la-calle-lago-en-primaveras","status":"publish","type":"post","link":"http:\/\/elobservatorio.com.mx\/?p=1027","title":{"rendered":"El\u00edas Lozano solucionar\u00e1 problem\u00e1tica de vecinos de la calle Lago en Primaveras"},"content":{"rendered":"<p>Tecom\u00e1n Col.- El alcalde El\u00edas Antonio Lozano Ochoa, en coordinaci\u00f3n con el regidor Jos\u00e9 Mar\u00eda Rodr\u00edguez Silva atendieron la demanda de los habitantes de la calle del Lago en la colonia Primaveras del Real, en donde a petici\u00f3n de los mismos vecinos, acudieron a la colonia para escuchar sus solicitudes, que giraron en torno a la mejora de los servicios p\u00fablicos.<\/p>\n<p>En este sentido, el regidor Jos\u00e9 Mar\u00eda Rodr\u00edguez dijo que \u00e9l est\u00e1 trabajando en un programa denominado \u201cInv\u00edtame a Tu Colonia\u201d, que tiene como objetivo que las autoridades municipales, acudan a dialogar con los ciudadanos a sus propias casas, \u201cen el caso de los vecinos de Primaveras del Real sus demandas fueron por el alumbrado y para agilizar los servicios p\u00fablicos y nos comprometimos, junto con la gente de ah\u00ed, a que le vamos a aportar recursos para que se solucionen sus problemas\u201d.<\/p>\n<p>En el caso del alumbrado p\u00fablico, destac\u00f3 que la calle Del Lago hasta donde inicia la barda del Club Deportivo Tecomense, est\u00e1 muy oscura \u201cnos comprometimos a transformar la calle, complementando tambi\u00e9n una parte de empedrado que hace falta; con lo cual el Presidente Municipal El\u00edas Lozano est\u00e1 demostrando que su administraci\u00f3n es un gobierno sensible \u201c.<\/p>\n<p>Rodr\u00edguez Silva agreg\u00f3 que tambi\u00e9n se comprometi\u00f3 el mun\u00edcipe a hacer un programa de limpieza de lotes bald\u00edos, levantar escombro de \u00e1reas p\u00fablicas y transformar de manera general la fisonom\u00eda de esa calle, a m\u00e1s tardar en tres d\u00edas.<\/p>\n","protected":false},"excerpt":{"rendered":"<p>Tecom\u00e1n Col.- El alcalde El\u00edas Antonio Lozano Ochoa, en coordinaci\u00f3n con el regidor Jos\u00e9 Mar\u00eda Rodr\u00edguez Silva atendieron la demanda de los habitantes de la calle del Lago en la colonia Primaveras del Real, en donde a petici\u00f3n de los mismos vecinos, acudieron a la colonia para escuchar sus solicitudes, que giraron en torno a&#8230;<\/p>\n","protected":false},"author":2,"featured_media":1028,"comment_status":"open","ping_status":"open","sticky":false,"template":"","format":"standard","meta":{"footnotes":""},"categories":[8,34],"tags":[29,30,28],"class_list":["post-1027","post","type-post","status-publish","format-standard","has-post-thumbnail","hentry","category-municipios","category-tecoman","tag-grid","tag-news","tag-slider"],"_links":{"self":[{"href":"http:\/\/elobservatorio.com.mx\/index.php?rest_route=\/wp\/v2\/posts\/1027"}],"collection":[{"href":"http:\/\/elobservatorio.com.mx\/index.php?rest_route=\/wp\/v2\/posts"}],"about":[{"href":"http:\/\/elobservatorio.com.mx\/index.php?rest_route=\/wp\/v2\/types\/post"}],"author":[{"embeddable":true,"href":"http:\/\/elobservatorio.com.mx\/index.php?rest_route=\/wp\/v2\/users\/2"}],"replies":[{"embeddable":true,"href":"http:\/\/elobservatorio.com.mx\/index.php?rest_route=%2Fwp%2Fv2%2Fcomments&post=1027"}],"version-history":[{"count":0,"href":"http:\/\/elobservatorio.com.mx\/index.php?rest_route=\/wp\/v2\/posts\/1027\/revisions"}],"wp:featuredmedia":[{"embeddable":true,"href":"http:\/\/elobservatorio.com.mx\/index.php?rest_route=\/wp\/v2\/media\/1028"}],"wp:attachment":[{"href":"http:\/\/elobservatorio.com.mx\/index.php?rest_route=%2Fwp%2Fv2%2Fmedia&parent=1027"}],"wp:term":[{"taxonomy":"category","embeddable":true,"href":"http:\/\/elobservatorio.com.mx\/index.php?rest_route=%2Fwp%2Fv2%2Fcategories&post=1027"},{"taxonomy":"post_tag","embeddable":true,"href":"http:\/\/elobservatorio.com.mx\/index.php?rest_route=%2Fwp%2Fv2%2Ftags&post=1027"}],"curies":[{"name":"wp","href":"https:\/\/api.w.org\/{rel}","templated":true}]}}