{"id":10316,"date":"2020-04-01T18:54:11","date_gmt":"2020-04-02T00:54:11","guid":{"rendered":"http:\/\/elobservatorio.com.mx\/?p=10316"},"modified":"2020-04-01T18:54:11","modified_gmt":"2020-04-02T00:54:11","slug":"llama-el-snte-6-a-cumplir-disposiciones-sanitarias-contra-el-coronavirus","status":"publish","type":"post","link":"http:\/\/elobservatorio.com.mx\/?p=10316","title":{"rendered":"Llama el SNTE 6 a cumplir disposiciones sanitarias contra el Coronavirus"},"content":{"rendered":"<p><em>*Se apoya la decisi\u00f3n del Consejo de Salubridad General ante la situaci\u00f3n de emergencia que vivimos<\/em><\/p>\n<p>Alfredo Quiles Cabrera<\/p>\n<p>La Secci\u00f3n 6 del Sindicato Nacional de Trabajadores de la Educaci\u00f3n (SNTE) se sum\u00f3 la directriz se\u00f1alada por Consejo de Salubridad General de ampliar la suspensi\u00f3n de actividades y extender el periodo de aislamiento preventivo hasta el pr\u00f3ximo 30 de abril.<\/p>\n<p>El secretario general de dicha organizaci\u00f3n gremial, Jos\u00e9 Jaime N\u00fa\u00f1ez Murgu\u00eda, hizo un llamado a todos los trabajadores de la educaci\u00f3n para sumarse a este esfuerzo nacional para contener la epidemia de Coronavirus en el pa\u00eds.<\/p>\n<p>\u201cPara la Secci\u00f3n 6 del Sindicato Nacional de Trabajadores de la Educaci\u00f3n, la salud de nuestros ni\u00f1os, padres de familia y trabajadores es nuestra m\u00e1xima prioridad\u201d, se\u00f1al\u00f3.<\/p>\n<p>Agreg\u00f3 que \u201cante la situaci\u00f3n de emergencia que vivimos y tras la decisi\u00f3n del Consejo de Salubridad General de ampliar la suspensi\u00f3n de actividades y extender el periodo de aislamiento preventivo hasta el pr\u00f3ximo 30 de abril\u201d.<\/p>\n<p>Solicito a todo el magisterio del Estado de Colima y a la sociedad en general \u201ccumplir con las disposiciones sanitarias y hacemos un llamado a quedarse en casa para contribuir a la disminuci\u00f3n del impacto por el COVID-19 en la salud de la poblaci\u00f3n en general y estar atentos a los comunicados que se hagan por parte de la Secretar\u00eda de Salud\u201d.<\/p>\n","protected":false},"excerpt":{"rendered":"<p>*Se apoya la decisi\u00f3n del Consejo de Salubridad General ante la situaci\u00f3n de emergencia que vivimos Alfredo Quiles Cabrera La Secci\u00f3n 6 del Sindicato Nacional de Trabajadores de la Educaci\u00f3n (SNTE) se sum\u00f3 la directriz se\u00f1alada por Consejo de Salubridad General de ampliar la suspensi\u00f3n de actividades y extender el periodo de aislamiento preventivo hasta&#8230;<\/p>\n","protected":false},"author":2,"featured_media":10317,"comment_status":"open","ping_status":"open","sticky":false,"template":"","format":"standard","meta":{"footnotes":""},"categories":[12],"tags":[29,30,28],"class_list":["post-10316","post","type-post","status-publish","format-standard","has-post-thumbnail","hentry","category-sociedad","tag-grid","tag-news","tag-slider"],"_links":{"self":[{"href":"http:\/\/elobservatorio.com.mx\/index.php?rest_route=\/wp\/v2\/posts\/10316"}],"collection":[{"href":"http:\/\/elobservatorio.com.mx\/index.php?rest_route=\/wp\/v2\/posts"}],"about":[{"href":"http:\/\/elobservatorio.com.mx\/index.php?rest_route=\/wp\/v2\/types\/post"}],"author":[{"embeddable":true,"href":"http:\/\/elobservatorio.com.mx\/index.php?rest_route=\/wp\/v2\/users\/2"}],"replies":[{"embeddable":true,"href":"http:\/\/elobservatorio.com.mx\/index.php?rest_route=%2Fwp%2Fv2%2Fcomments&post=10316"}],"version-history":[{"count":0,"href":"http:\/\/elobservatorio.com.mx\/index.php?rest_route=\/wp\/v2\/posts\/10316\/revisions"}],"wp:featuredmedia":[{"embeddable":true,"href":"http:\/\/elobservatorio.com.mx\/index.php?rest_route=\/wp\/v2\/media\/10317"}],"wp:attachment":[{"href":"http:\/\/elobservatorio.com.mx\/index.php?rest_route=%2Fwp%2Fv2%2Fmedia&parent=10316"}],"wp:term":[{"taxonomy":"category","embeddable":true,"href":"http:\/\/elobservatorio.com.mx\/index.php?rest_route=%2Fwp%2Fv2%2Fcategories&post=10316"},{"taxonomy":"post_tag","embeddable":true,"href":"http:\/\/elobservatorio.com.mx\/index.php?rest_route=%2Fwp%2Fv2%2Ftags&post=10316"}],"curies":[{"name":"wp","href":"https:\/\/api.w.org\/{rel}","templated":true}]}}