{"id":1034,"date":"2018-12-06T21:39:55","date_gmt":"2018-12-06T21:39:55","guid":{"rendered":"http:\/\/elobservatorio.com.mx\/congreso-entregara-el-premio-estatal-jesus-vazquez-lara"},"modified":"2018-12-06T21:39:55","modified_gmt":"2018-12-06T21:39:55","slug":"congreso-entregara-el-premio-estatal-jesus-vazquez-lara","status":"publish","type":"post","link":"http:\/\/elobservatorio.com.mx\/?p=1034","title":{"rendered":"Congreso entregar\u00e1 el premio estatal \u00abJes\u00fas V\u00e1zquez Lara\u00bb"},"content":{"rendered":"<p><em>*Aprueba la Legislatura por unanimidad a los ganadores.<\/em><\/p>\n<p>El pr\u00f3ximo 13 de diciembre en Sesi\u00f3n Solemne del Congreso del Estado de Colima se habr\u00e1 de hacer la entrega del Premio Estatal \u201cJes\u00fas V\u00e1zquez Lara Centeno\u201d, que es una presea que se otorga a\u00f1o con a\u00f1o a las personas que han contribuido a erradicar la discriminaci\u00f3n para personas con discapacidad durante el 2018.<\/p>\n<p>La Legislatura aprob\u00f3 por unanimidad este jueves a los ganadores de esta presea: Isaura Nohem\u00ed Ruiz Machuca Ruiz, Mar\u00eda Villa Montero, Mar\u00eda de Jes\u00fas Elisa Ch\u00e1vez Mart\u00ednez y Mar\u00eda Elena Mungu\u00eda Villalvazo.<\/p>\n<p>Cabe mencionar que al cierre de la convocatoria se recibieron 10 propuestas de personas destacadas en el apoyo a personas con discapacidad, por lo que, la Comisi\u00f3n Dictaminadora se reuni\u00f3 para llevar a cabo el an\u00e1lisis y valoraci\u00f3n de los expedientes de dichas propuestas, tomando en cuenta la labor desarrollada por las y los candidatos, sus obras, acciones, la importancia y valor de las mismas.<\/p>\n<p>Con lo anterior se consider\u00f3 como merecedores de recibir el Premio Estatal \u00abRicardo de Jes\u00fas V\u00e1zquez Lara Centeno\u00bb, en la categor\u00eda de \u201cpersonas o agrupaciones sociales que, de manera altruista han realizado acciones para mejorar la calidad de vida de las personas con discapacidad\u201d a: Isaura Nohem\u00ed Ruiz Machuca Ruiz, Mar\u00eda Villa Montero, Mar\u00eda de Jes\u00fas Elisa Ch\u00e1vez Mart\u00ednez y Mar\u00eda Elena Mungu\u00eda Villalvazo.<\/p>\n<p>Tambi\u00e9n se entregar\u00e1 una nota laudatoria para Marilupe Campero Cuenca, Marco Antonio P\u00e9rez Gaspar, Jos\u00e9 Luis L\u00f3pez Garc\u00eda, Mario C\u00e9sar Galindo N\u00fa\u00f1ez y Sharon Monserrat D\u00edaz Garc\u00eda, por sus aportaciones para mejorar las condiciones de vida de las personas con discapacidad en el Estado.<\/p>\n<p>Asimismo, se aprob\u00f3 una nota laudatoria p\u00f3stuma Eduardo Javier L\u00f3pez Hern\u00e1ndez, fundador de la Asociaci\u00f3n de Deportistas en Sillas de Ruedas.<\/p>\n","protected":false},"excerpt":{"rendered":"<p>*Aprueba la Legislatura por unanimidad a los ganadores. El pr\u00f3ximo 13 de diciembre en Sesi\u00f3n Solemne del Congreso del Estado de Colima se habr\u00e1 de hacer la entrega del Premio Estatal \u201cJes\u00fas V\u00e1zquez Lara Centeno\u201d, que es una presea que se otorga a\u00f1o con a\u00f1o a las personas que han contribuido a erradicar la discriminaci\u00f3n&#8230;<\/p>\n","protected":false},"author":2,"featured_media":1035,"comment_status":"open","ping_status":"open","sticky":false,"template":"","format":"standard","meta":{"footnotes":""},"categories":[1],"tags":[29,30,28],"class_list":["post-1034","post","type-post","status-publish","format-standard","has-post-thumbnail","hentry","category-espacio-legislativo","tag-grid","tag-news","tag-slider"],"_links":{"self":[{"href":"http:\/\/elobservatorio.com.mx\/index.php?rest_route=\/wp\/v2\/posts\/1034"}],"collection":[{"href":"http:\/\/elobservatorio.com.mx\/index.php?rest_route=\/wp\/v2\/posts"}],"about":[{"href":"http:\/\/elobservatorio.com.mx\/index.php?rest_route=\/wp\/v2\/types\/post"}],"author":[{"embeddable":true,"href":"http:\/\/elobservatorio.com.mx\/index.php?rest_route=\/wp\/v2\/users\/2"}],"replies":[{"embeddable":true,"href":"http:\/\/elobservatorio.com.mx\/index.php?rest_route=%2Fwp%2Fv2%2Fcomments&post=1034"}],"version-history":[{"count":0,"href":"http:\/\/elobservatorio.com.mx\/index.php?rest_route=\/wp\/v2\/posts\/1034\/revisions"}],"wp:featuredmedia":[{"embeddable":true,"href":"http:\/\/elobservatorio.com.mx\/index.php?rest_route=\/wp\/v2\/media\/1035"}],"wp:attachment":[{"href":"http:\/\/elobservatorio.com.mx\/index.php?rest_route=%2Fwp%2Fv2%2Fmedia&parent=1034"}],"wp:term":[{"taxonomy":"category","embeddable":true,"href":"http:\/\/elobservatorio.com.mx\/index.php?rest_route=%2Fwp%2Fv2%2Fcategories&post=1034"},{"taxonomy":"post_tag","embeddable":true,"href":"http:\/\/elobservatorio.com.mx\/index.php?rest_route=%2Fwp%2Fv2%2Ftags&post=1034"}],"curies":[{"name":"wp","href":"https:\/\/api.w.org\/{rel}","templated":true}]}}