{"id":10405,"date":"2020-04-07T16:57:58","date_gmt":"2020-04-07T21:57:58","guid":{"rendered":"http:\/\/elobservatorio.com.mx\/?p=10405"},"modified":"2020-04-07T16:57:58","modified_gmt":"2020-04-07T21:57:58","slug":"superluna-iluminara-los-cielos-esta-semana","status":"publish","type":"post","link":"http:\/\/elobservatorio.com.mx\/?p=10405","title":{"rendered":"Superluna iluminar\u00e1 los cielos esta semana"},"content":{"rendered":"<p class=\"news-title\"><em><span style=\"font-size: 16px;\">*El sat\u00e9lite natural estar\u00e1 en su mejor momento la noche de este martes<\/span><\/em><\/p>\n<p>Una superluna, presumiblemente la m\u00e1s grande y brillante del a\u00f1o, iluminar\u00e1 las noches esta semana. No s\u00f3lo estar\u00e1\u00a0 la luna m\u00e1s cerca de la Tierra de lo normal, sino que adem\u00e1s ser\u00e1 Luna llena.<\/p>\n<p>Los cient\u00edficos le llaman a este fen\u00f3meno c\u00f3smico una superluna.\u00a0<strong>La Luna estar\u00e1 a 357.042 kil\u00f3metros (221.855 millas) de distancia en su mejor momento la noche del martes, lo que la har\u00e1 verse m\u00e1s grande y brillante.<\/strong><\/p>\n<p>La NASA est\u00e1 exhortando a todo el mundo a levantar la mirada, ya sea en el exterior o a trav\u00e9s de las ventanas.<\/p>\n<p>El cient\u00edfico Noah Petro, del Centro de Vuelo Espacial Goddard de la NASA, en Maryland, destac\u00f3 que\u00a0<strong>lo importante es mantenerse seguros al observar la Luna en medio de la pandemia de\u00a0coronavirus.<\/strong><\/p>\n<p>\u201cSi no es seguro salir&#8230; no hay problema\u00bb, dijo Petro. \u00abSalgan el pr\u00f3ximo mes o en el momento en que sea seguro nuevamente. Aprovechen la Luna llena como excusa para salir y empiecen a observar la Luna\u201d.<\/p>\n<p>\u201cUsen esto como una oportunidad no para distanciarse f\u00edsicamente, sino para conectar emocionalmente con algo que se encuentra f\u00edsicamente lejos de nosotros\u201d, agreg\u00f3.<\/p>\n<p>Durante los pr\u00f3ximos meses habr\u00e1 una serie de superlunas, por lo que\u00a0<strong>si alguien se pierde este espect\u00e1culo lunar, podr\u00e1 ver el siguiente el 7 de mayo.\u00a0<\/strong><\/p>\n","protected":false},"excerpt":{"rendered":"<p>*El sat\u00e9lite natural estar\u00e1 en su mejor momento la noche de este martes Una superluna, presumiblemente la m\u00e1s grande y brillante del a\u00f1o, iluminar\u00e1 las noches esta semana. No s\u00f3lo estar\u00e1\u00a0 la luna m\u00e1s cerca de la Tierra de lo normal, sino que adem\u00e1s ser\u00e1 Luna llena. Los cient\u00edficos le llaman a este fen\u00f3meno c\u00f3smico&#8230;<\/p>\n","protected":false},"author":2,"featured_media":10406,"comment_status":"open","ping_status":"open","sticky":false,"template":"","format":"standard","meta":{"footnotes":""},"categories":[31],"tags":[29,30,28],"class_list":["post-10405","post","type-post","status-publish","format-standard","has-post-thumbnail","hentry","category-ciencia-y-tecnologia","tag-grid","tag-news","tag-slider"],"_links":{"self":[{"href":"http:\/\/elobservatorio.com.mx\/index.php?rest_route=\/wp\/v2\/posts\/10405"}],"collection":[{"href":"http:\/\/elobservatorio.com.mx\/index.php?rest_route=\/wp\/v2\/posts"}],"about":[{"href":"http:\/\/elobservatorio.com.mx\/index.php?rest_route=\/wp\/v2\/types\/post"}],"author":[{"embeddable":true,"href":"http:\/\/elobservatorio.com.mx\/index.php?rest_route=\/wp\/v2\/users\/2"}],"replies":[{"embeddable":true,"href":"http:\/\/elobservatorio.com.mx\/index.php?rest_route=%2Fwp%2Fv2%2Fcomments&post=10405"}],"version-history":[{"count":0,"href":"http:\/\/elobservatorio.com.mx\/index.php?rest_route=\/wp\/v2\/posts\/10405\/revisions"}],"wp:featuredmedia":[{"embeddable":true,"href":"http:\/\/elobservatorio.com.mx\/index.php?rest_route=\/wp\/v2\/media\/10406"}],"wp:attachment":[{"href":"http:\/\/elobservatorio.com.mx\/index.php?rest_route=%2Fwp%2Fv2%2Fmedia&parent=10405"}],"wp:term":[{"taxonomy":"category","embeddable":true,"href":"http:\/\/elobservatorio.com.mx\/index.php?rest_route=%2Fwp%2Fv2%2Fcategories&post=10405"},{"taxonomy":"post_tag","embeddable":true,"href":"http:\/\/elobservatorio.com.mx\/index.php?rest_route=%2Fwp%2Fv2%2Ftags&post=10405"}],"curies":[{"name":"wp","href":"https:\/\/api.w.org\/{rel}","templated":true}]}}