{"id":10452,"date":"2020-04-09T15:43:28","date_gmt":"2020-04-09T20:43:28","guid":{"rendered":"http:\/\/elobservatorio.com.mx\/?p=10452"},"modified":"2020-04-09T15:43:28","modified_gmt":"2020-04-09T20:43:28","slug":"saldras-a-la-calle-solo-por-algo-esencial-inician-medidas-mas-estrictas","status":"publish","type":"post","link":"http:\/\/elobservatorio.com.mx\/?p=10452","title":{"rendered":"Saldr\u00e1s a la calle  s\u00f3lo por algo esencial; inician medidas m\u00e1s estrictas"},"content":{"rendered":"<p class=\"x_MsoNormal\"><em>*Quienes ingresen al Estado se les pedir\u00e1 acreditar que vienen a actividades esenciales +Gobierno del Estado repartir\u00e1 term\u00f3metros, cubrebocas y jab\u00f3n l\u00edquido<\/em><\/p>\n<p class=\"x_MsoNormal\">El gobernador Jos\u00e9 Ignacio Peralta S\u00e1nchez, anunci\u00f3 que luego de la confirmaci\u00f3n de dos casos positivos de Covid-19 por dispersi\u00f3n comunitaria, Colima se encuentra en la Fase II de la contingencia sanitaria, por lo cual dijo se realizar\u00e1n nuevas medidas.<\/p>\n<p class=\"x_MsoNormal\">Entre ellas, hacer m\u00e1s estricto el control de acceso al Estado en los filtros sanitarios y la movilidad en general de los ciudadanos, solo podr\u00e1n estar en las calles aquellas personas que demuestren estar en actividades esenciales. Lo mismo se aplicar\u00e1 a quienes quieran entrar al Estado de Colima: deber\u00e1n acreditar que est\u00e1n realizando una actividad esencial.<\/p>\n<p class=\"x_MsoNormal\">Agreg\u00f3 que se har\u00e1 la entrega de 10 mil term\u00f3metros digitales, cubrebocas y jab\u00f3n l\u00edquido a familias colimenses para la detecci\u00f3n inmediata de casos sospechosos y la mitigaci\u00f3n del contagio.<\/p>\n<p class=\"x_MsoNormal\">En su mensaje dirigido a la poblaci\u00f3n colimense, explic\u00f3 que se pas\u00f3 de la fase I de importaci\u00f3n de casos, es decir, de personas que se infectaron fuera de M\u00e9xico, a la dispersi\u00f3n comunitaria que implica contagios locales que no permiten identificar su origen.<\/p>\n<p class=\"x_MsoNormal\">Asimismo, consider\u00f3 necesario aplicar pruebas de forma masiva ahora que se est\u00e1n registrando contagios locales, ya que la informaci\u00f3n resultar\u00eda esencial para dise\u00f1ar mejor la pol\u00edtica p\u00fablica en materia de salud, la cual permitir\u00eda ser m\u00e1s efectivos en el combate a esta pandemia.\u00a0\u00a0\u00a0 Sin embargo, dijo que la normatividad federal no reconoce pruebas r\u00e1pidas certificadas y confiables, \u00aby no nos env\u00edan los reactivos suficientes para aplicar pruebas de forma masiva\u201d, mencion\u00f3.<\/p>\n<p class=\"x_MsoNormal\">Ante esta situaci\u00f3n, Peralta S\u00e1nchez, manifest\u00f3 que se deben identificar los casos sospechosos en los hogares colimenses y por ello, se entregar\u00e1n los term\u00f3metros.<\/p>\n<p class=\"x_MsoNormal\">Pidi\u00f3 que quienes tengan temperatura de 38 grados o m\u00e1s, adem\u00e1s de otros s\u00edntomas como tos seca y dolor de cabeza, deber\u00e1n llamar al n\u00famero 800-DE-SALUD (800 33 72583).<\/p>\n<p class=\"x_MsoNormal\">Enfatiz\u00f3 el titular del Ejecutivo, que se mantienen las recomendaciones de lavarse las manos, estornudar de etiqueta, evitar el saludo de mano, mantener la sana distancia, quedarse en casa y todas las personas que salgan de su domicilio por razones esenciales, que utilicen un cubrebocas.<\/p>\n<p class=\"x_MsoNormal\">Se\u00f1al\u00f3 que es necesario que se tome con toda la seriedad que amerita esta pandemia, ya que hay ejemplos dram\u00e1ticos de pa\u00edses en donde no se tomaron medidas a tiempo y las consecuencias est\u00e1n siendo desastrosas, por ello dijo es mejor que las medidas parezcan exageradas hoy y no sean insuficientes ma\u00f1ana.<\/p>\n<p class=\"x_MsoNormal\">Finalmente, reiter\u00f3 que Colima no se est\u00e1 de vacaciones, por ello las playas y lugares tur\u00edsticos est\u00e1n cerrados, as\u00ed como los negocios no esenciales.<\/p>\n","protected":false},"excerpt":{"rendered":"<p>*Quienes ingresen al Estado se les pedir\u00e1 acreditar que vienen a actividades esenciales +Gobierno del Estado repartir\u00e1 term\u00f3metros, cubrebocas y jab\u00f3n l\u00edquido El gobernador Jos\u00e9 Ignacio Peralta S\u00e1nchez, anunci\u00f3 que luego de la confirmaci\u00f3n de dos casos positivos de Covid-19 por dispersi\u00f3n comunitaria, Colima se encuentra en la Fase II de la contingencia sanitaria, por&#8230;<\/p>\n","protected":false},"author":2,"featured_media":10453,"comment_status":"open","ping_status":"open","sticky":false,"template":"","format":"standard","meta":{"footnotes":""},"categories":[16],"tags":[29,30,28],"class_list":["post-10452","post","type-post","status-publish","format-standard","has-post-thumbnail","hentry","category-gobierno","tag-grid","tag-news","tag-slider"],"_links":{"self":[{"href":"http:\/\/elobservatorio.com.mx\/index.php?rest_route=\/wp\/v2\/posts\/10452"}],"collection":[{"href":"http:\/\/elobservatorio.com.mx\/index.php?rest_route=\/wp\/v2\/posts"}],"about":[{"href":"http:\/\/elobservatorio.com.mx\/index.php?rest_route=\/wp\/v2\/types\/post"}],"author":[{"embeddable":true,"href":"http:\/\/elobservatorio.com.mx\/index.php?rest_route=\/wp\/v2\/users\/2"}],"replies":[{"embeddable":true,"href":"http:\/\/elobservatorio.com.mx\/index.php?rest_route=%2Fwp%2Fv2%2Fcomments&post=10452"}],"version-history":[{"count":0,"href":"http:\/\/elobservatorio.com.mx\/index.php?rest_route=\/wp\/v2\/posts\/10452\/revisions"}],"wp:featuredmedia":[{"embeddable":true,"href":"http:\/\/elobservatorio.com.mx\/index.php?rest_route=\/wp\/v2\/media\/10453"}],"wp:attachment":[{"href":"http:\/\/elobservatorio.com.mx\/index.php?rest_route=%2Fwp%2Fv2%2Fmedia&parent=10452"}],"wp:term":[{"taxonomy":"category","embeddable":true,"href":"http:\/\/elobservatorio.com.mx\/index.php?rest_route=%2Fwp%2Fv2%2Fcategories&post=10452"},{"taxonomy":"post_tag","embeddable":true,"href":"http:\/\/elobservatorio.com.mx\/index.php?rest_route=%2Fwp%2Fv2%2Ftags&post=10452"}],"curies":[{"name":"wp","href":"https:\/\/api.w.org\/{rel}","templated":true}]}}