{"id":10685,"date":"2020-05-06T16:18:01","date_gmt":"2020-05-06T21:18:01","guid":{"rendered":"http:\/\/elobservatorio.com.mx\/?p=10685"},"modified":"2020-05-06T16:18:01","modified_gmt":"2020-05-06T21:18:01","slug":"pide-el-iee-respetar-normativa-en-entrega-de-despensas-y-apoyos-por-covid-19","status":"publish","type":"post","link":"http:\/\/elobservatorio.com.mx\/?p=10685","title":{"rendered":"Pide el IEE respetar normativa en entrega de despensas y apoyos por Covid-19"},"content":{"rendered":"<p><em>*Actores y<\/em><em> autoridades deben aplicar con imparcialidad los recursos p\u00fablicos que est\u00e1n bajo su responsabilidad, sin influir en la equidad de la competencia entre los partidos pol\u00edticos, ante la proximidad del proceso electoral local 2020-2021. <\/em><\/p>\n<p><em>\u00a0<\/em>El Instituto Electoral del Estado de Colima (IEE) hace un atento llamado para que en todo momento los poderes p\u00fablicos del Estado, \u00f3rganos aut\u00f3nomos, las dependencias y entidades de la administraci\u00f3n p\u00fablica estatal y municipal y cualquier otro ente de gobierno; tengan presente y respeten las disposiciones constitucionales durante la pandemia por el COVID-19 y despu\u00e9s de \u00e9sta.<\/p>\n<p>En un exhorto emitido por el Consejo General este mi\u00e9rcoles 05 de mayo, durante la Vig\u00e9sima Novena Sesi\u00f3n Extraordinaria del Periodo Interproceso 2018-2020; el \u00f3rgano electoral local recuerda que conforme al art\u00edculo 136 de la Constituci\u00f3n Pol\u00edtica del Estado Libre y Soberano de Colima, las autoridades deben aplicar con imparcialidad los recursos p\u00fablicos que est\u00e1n bajo su responsabilidad, sin influir en la equidad de la competencia entre los partidos pol\u00edticos.<\/p>\n<p>As\u00ed mismo, cita que conforme al pen\u00faltimo del art\u00edculo 134 de la Constituci\u00f3n Pol\u00edtica de los Estados Unidos Mexicanos, la propaganda que se difunda bajo cualquier modalidad de comunicaci\u00f3n social, deber\u00e1 tener car\u00e1cter institucional y fines informativos, educativos o de orientaci\u00f3n social, y en ning\u00fan caso esta propaganda incluir\u00e1 nombres, im\u00e1genes, voces o s\u00edmbolos que impliquen promoci\u00f3n personalizada de cualquier servidora o servidor p\u00fablico, aun cuando tuvieran como finalidad apoyar a la poblaci\u00f3n durante la emergencia sanitaria en curso.<\/p>\n<p>En ese sentido, \u201cesta autoridad electoral exhorta de la manera m\u00e1s atenta a las personas servidoras p\u00fablicas del Estado y los municipios, a fin de que se abstengan de realizar cualquier acto que implique una posible violaci\u00f3n a los principios rectores y disposiciones legales de la materia electoral ante la proximidad del proceso electoral local 2020-2021, que iniciar\u00e1 en el mes de octubre del a\u00f1o en curso\u201d.<\/p>\n<p>Lo anterior derivado de la situaci\u00f3n de salud p\u00fablica que acontece a nivel nacional y de forma concreta en nuestro estado, con motivo de la pandemia ocasionada por el COVID-19, y ante la eventualidad de que se actualice alguna conducta contraria a la normativa existente o que se violenten los principios rectores de la funci\u00f3n electoral: certeza, imparcialidad, independencia, legalidad, m\u00e1xima publicidad y objetividad.<\/p>\n","protected":false},"excerpt":{"rendered":"<p>*Actores y autoridades deben aplicar con imparcialidad los recursos p\u00fablicos que est\u00e1n bajo su responsabilidad, sin influir en la equidad de la competencia entre los partidos pol\u00edticos, ante la proximidad del proceso electoral local 2020-2021. \u00a0El Instituto Electoral del Estado de Colima (IEE) hace un atento llamado para que en todo momento los poderes p\u00fablicos&#8230;<\/p>\n","protected":false},"author":2,"featured_media":10686,"comment_status":"open","ping_status":"open","sticky":false,"template":"","format":"standard","meta":{"footnotes":""},"categories":[10],"tags":[29,30,28],"class_list":["post-10685","post","type-post","status-publish","format-standard","has-post-thumbnail","hentry","category-politica","tag-grid","tag-news","tag-slider"],"_links":{"self":[{"href":"http:\/\/elobservatorio.com.mx\/index.php?rest_route=\/wp\/v2\/posts\/10685"}],"collection":[{"href":"http:\/\/elobservatorio.com.mx\/index.php?rest_route=\/wp\/v2\/posts"}],"about":[{"href":"http:\/\/elobservatorio.com.mx\/index.php?rest_route=\/wp\/v2\/types\/post"}],"author":[{"embeddable":true,"href":"http:\/\/elobservatorio.com.mx\/index.php?rest_route=\/wp\/v2\/users\/2"}],"replies":[{"embeddable":true,"href":"http:\/\/elobservatorio.com.mx\/index.php?rest_route=%2Fwp%2Fv2%2Fcomments&post=10685"}],"version-history":[{"count":0,"href":"http:\/\/elobservatorio.com.mx\/index.php?rest_route=\/wp\/v2\/posts\/10685\/revisions"}],"wp:featuredmedia":[{"embeddable":true,"href":"http:\/\/elobservatorio.com.mx\/index.php?rest_route=\/wp\/v2\/media\/10686"}],"wp:attachment":[{"href":"http:\/\/elobservatorio.com.mx\/index.php?rest_route=%2Fwp%2Fv2%2Fmedia&parent=10685"}],"wp:term":[{"taxonomy":"category","embeddable":true,"href":"http:\/\/elobservatorio.com.mx\/index.php?rest_route=%2Fwp%2Fv2%2Fcategories&post=10685"},{"taxonomy":"post_tag","embeddable":true,"href":"http:\/\/elobservatorio.com.mx\/index.php?rest_route=%2Fwp%2Fv2%2Ftags&post=10685"}],"curies":[{"name":"wp","href":"https:\/\/api.w.org\/{rel}","templated":true}]}}