{"id":10854,"date":"2020-05-18T18:46:43","date_gmt":"2020-05-18T23:46:43","guid":{"rendered":"http:\/\/elobservatorio.com.mx\/?p=10854"},"modified":"2020-05-18T18:46:43","modified_gmt":"2020-05-18T23:46:43","slug":"no-habra-regreso-a-escuelas-en-este-ciclo-escolar-gobernador","status":"publish","type":"post","link":"http:\/\/elobservatorio.com.mx\/?p=10854","title":{"rendered":"No habr\u00e1 regreso a escuelas en este ciclo escolar: Gobernador"},"content":{"rendered":"<p class=\"x_MsoNormal\"><em>*El ciclo escolar 2019-2020 concluir\u00e1 el 17 de julio mediante las estrategias de \u201cEducaci\u00f3n a Distancia\u201d y \u201cAprende en Casa\u201d +Gobierno del Estado transparenta adquisiciones para atender Covid19<\/em><\/p>\n<p class=\"x_MsoNormal\">El gobernador Jos\u00e9 Ignacio Peralta S\u00e1nchez, anunci\u00f3 que no habr\u00e1 regreso a las escuelas por lo que resta del presente ciclo escolar 2019-2020, debido a la contingencia sanitaria por el coronavirus.<\/p>\n<p class=\"x_MsoNormal\">En un mensaje dirigido a la poblaci\u00f3n colimense, el titular del Ejecutivo explic\u00f3 que<\/p>\n<p class=\"x_MsoNormal\">muchas entidades, cient\u00edficos y acad\u00e9micos est\u00e1n de acuerdo con esta postura, pues retornar a las escuelas ser\u00eda el detonante de un contagio explosivo por la gran cantidad de alumnos ubicados en espacios cerrados.<\/p>\n<p class=\"x_MsoNormal\">El gobernador se\u00f1al\u00f3 que el ciclo escolar 2019-2020 concluir\u00e1 el 17 de julio mediante los esquemas de las estrategias de \u201cEducaci\u00f3n a Distancia\u201d y \u201cAprende en Casa\u201d.<\/p>\n<p class=\"x_MsoNormal\">Manifest\u00f3 que trabajan para que las y los estudiantes colimenses, de todos los niveles, as\u00ed como sus familias, est\u00e9n protegidas.\u00a0 Y de esta manera se cuida tambi\u00e9n a toda la poblaci\u00f3n.<\/p>\n<p class=\"x_MsoNormal\">Con indicadores a nivel mundial se demuestra que la ni\u00f1ez muestra una mayor resistencia al virus, pero pueden ser portadores asintom\u00e1ticos y contagiar a sus padres o abuelos.<\/p>\n<p class=\"x_MsoNormal\">Adem\u00e1s mencion\u00f3 que insistir\u00e1n con las autoridades educativas para generar una moderada carga de tareas para las y los estudiantes, busc\u00e1ndose que aprendan m\u00e1s con menos presi\u00f3n en el hogar.<\/p>\n<p class=\"x_MsoNormal\">Peralta S\u00e1nchez dijo que la Secretar\u00eda de Educaci\u00f3n del Gobierno del Estado ampliar\u00e1 los detalles sobre los mecanismos para concluir este ciclo de forma adecuada, as\u00ed como el proceso para inscribirse en el siguiente ciclo para nuevos ingresos o para cambio en nivel educativo.<\/p>\n<p class=\"x_MsoNormal\">Indic\u00f3 que son muchos los temas que est\u00e1n analizando en estos d\u00edas para tomar las decisiones m\u00e1s adecuadas, privilegiando en todo momento la salud y la vida de las familias colimenses.<\/p>\n<p class=\"x_MsoNormal\">\u201cEn Colima enfrentamos el reto de la epidemia del Covid con determinaci\u00f3n y oportunidad, contando con la m\u00e1s amplia solidaridad de la sociedad\u201d, afirm\u00f3 el gobernador, quien agreg\u00f3 que la entidad se mantiene muy abajo del ritmo de contagio experimentado en otros Estados del pa\u00eds.<\/p>\n<p class=\"x_MsoNormal\">Asimismo dijo que analizan de forma cuidadosa el proceso de reinicio de actividades econ\u00f3micas para alcanzar el punto \u00f3ptimo entre la seguridad en salud y la necesidad de reactivar el comercio y los servicios.<\/p>\n<p class=\"x_MsoNormal\">Los comercios, de forma ideal, deber\u00edan reanudar actividades de forma progresiva, pero se necesitar\u00e1 de mucha disciplina para que este reinicio de actividades no implique crecer la escalada de contagios, sostuvo.<\/p>\n<p class=\"x_MsoNormal\">Para lograr esto, debemos redactar cuidadosos protocolos de seguridad y sanitarios en todas las \u00e1reas y niveles de las distintas actividades econ\u00f3micas.<\/p>\n<p class=\"x_MsoNormal\">Por otra parte el gobernador inform\u00f3 que para todos los servidores p\u00fablicos que colaboran en el Gobierno del Estado se extiende el trabajo en casa hasta el primero de junio, sin que se descarte que pueda prolongarse por m\u00e1s tiempo esta medida, situaci\u00f3n que se informar\u00eda con oportunidad.<\/p>\n<p class=\"x_MsoNormal\">\u201cTodas las acciones que estamos implementando para combatir el Covid-19 implican recursos no programados, pero la premura en las adquisiciones no debe ser pretexto para la opacidad. He instruido que cada adquisici\u00f3n se transparente al m\u00e1ximo, las y los colimenses tienen derecho a conocer qu\u00e9 se est\u00e1 comprando, a qui\u00e9n y a qu\u00e9 precio\u201d, expuso.<\/p>\n<p class=\"x_MsoNormal\">Es por ello, que la Secretar\u00eda de Salud y Bienestar Social cuenta con el micrositio saludcolima.gob.mx\/coronavirus\/ en donde, adem\u00e1s de toda la informaci\u00f3n de inter\u00e9s sobre el Covid-19, incluye un apartado de compras.<\/p>\n<p class=\"x_MsoNormal\">Se\u00f1al\u00f3 que si bien, la Ley de Transparencia y Acceso a la Informaci\u00f3n P\u00fablica obliga a publicar esta informaci\u00f3n de manera trimestral, por la importancia del tema ha pedido que la informaci\u00f3n se difunda de manera oportuna y permanente.<\/p>\n<p class=\"x_MsoNormal\">Por su parte, la Secretar\u00eda de Desarrollo Social habilitar\u00e1 esta semana un micrositio en donde se transparentar\u00e1n todas las donaciones, tanto en especie como monetarias, para que la poblaci\u00f3n pueda conocer cu\u00e1l ha sido el destino de cada aportaci\u00f3n, que de manera solidaria realiza la sociedad en general.<\/p>\n<p class=\"x_MsoNormal\">El gobernador se\u00f1al\u00f3 que ya son m\u00e1s de 10 mil personas beneficiarias del Programa Emergente de Atenci\u00f3n Alimentaria y m\u00e1s de 360 millones de pesos en cr\u00e9ditos los que entregaremos para micro y peque\u00f1as empresas.<\/p>\n<p class=\"x_MsoNormal\">\u201cHasta donde el dinero nos alcance y a la espera de contar con el apoyo del Gobierno Federal, seguiremos haciendo frente a las necesidades de salud y de apoyo econ\u00f3mico para quienes est\u00e1n dejando de percibir ingresos por la epidemia\u201d, asegur\u00f3 el titular del Ejecutivo.<\/p>\n<p class=\"x_MsoNormal\">Finalmente exhort\u00f3 a la poblaci\u00f3n colimense a seguir atendiendo las recomendaciones de aislamiento social y de higiene.<\/p>\n","protected":false},"excerpt":{"rendered":"<p>*El ciclo escolar 2019-2020 concluir\u00e1 el 17 de julio mediante las estrategias de \u201cEducaci\u00f3n a Distancia\u201d y \u201cAprende en Casa\u201d +Gobierno del Estado transparenta adquisiciones para atender Covid19 El gobernador Jos\u00e9 Ignacio Peralta S\u00e1nchez, anunci\u00f3 que no habr\u00e1 regreso a las escuelas por lo que resta del presente ciclo escolar 2019-2020, debido a la contingencia&#8230;<\/p>\n","protected":false},"author":2,"featured_media":10855,"comment_status":"open","ping_status":"open","sticky":false,"template":"","format":"standard","meta":{"footnotes":""},"categories":[16],"tags":[29,30,28],"class_list":["post-10854","post","type-post","status-publish","format-standard","has-post-thumbnail","hentry","category-gobierno","tag-grid","tag-news","tag-slider"],"_links":{"self":[{"href":"http:\/\/elobservatorio.com.mx\/index.php?rest_route=\/wp\/v2\/posts\/10854"}],"collection":[{"href":"http:\/\/elobservatorio.com.mx\/index.php?rest_route=\/wp\/v2\/posts"}],"about":[{"href":"http:\/\/elobservatorio.com.mx\/index.php?rest_route=\/wp\/v2\/types\/post"}],"author":[{"embeddable":true,"href":"http:\/\/elobservatorio.com.mx\/index.php?rest_route=\/wp\/v2\/users\/2"}],"replies":[{"embeddable":true,"href":"http:\/\/elobservatorio.com.mx\/index.php?rest_route=%2Fwp%2Fv2%2Fcomments&post=10854"}],"version-history":[{"count":0,"href":"http:\/\/elobservatorio.com.mx\/index.php?rest_route=\/wp\/v2\/posts\/10854\/revisions"}],"wp:featuredmedia":[{"embeddable":true,"href":"http:\/\/elobservatorio.com.mx\/index.php?rest_route=\/wp\/v2\/media\/10855"}],"wp:attachment":[{"href":"http:\/\/elobservatorio.com.mx\/index.php?rest_route=%2Fwp%2Fv2%2Fmedia&parent=10854"}],"wp:term":[{"taxonomy":"category","embeddable":true,"href":"http:\/\/elobservatorio.com.mx\/index.php?rest_route=%2Fwp%2Fv2%2Fcategories&post=10854"},{"taxonomy":"post_tag","embeddable":true,"href":"http:\/\/elobservatorio.com.mx\/index.php?rest_route=%2Fwp%2Fv2%2Ftags&post=10854"}],"curies":[{"name":"wp","href":"https:\/\/api.w.org\/{rel}","templated":true}]}}