{"id":11085,"date":"2020-06-05T15:51:34","date_gmt":"2020-06-05T20:51:34","guid":{"rendered":"http:\/\/elobservatorio.com.mx\/?p=11085"},"modified":"2020-06-05T15:51:34","modified_gmt":"2020-06-05T20:51:34","slug":"covid-19-puede-aumentar-la-obesidad-infantil-en-el-estado","status":"publish","type":"post","link":"http:\/\/elobservatorio.com.mx\/?p=11085","title":{"rendered":"Covid-19 puede aumentar la obesidad infantil en el Estado"},"content":{"rendered":"<p class=\"x_MsoNormal\">La Secretar\u00eda de Salud y Bienestar Social del Gobierno del Estado informa que la pandemia de Covid-19 puede aumentar la obesidad infantil, debido a que en los periodos de vacaciones o fuera de escuela, como ahora sucede por la contingencia sanitaria, suelen darse incrementos de peso por la alta disponibilidad de alimentos ultraprocesados\u00a0 y falta de actividad f\u00edsica.<\/p>\n<p class=\"x_MsoNormal\">Personal de la coordinaci\u00f3n de Nutrici\u00f3n de la dependencia indica que en Colima, 4 de cada 10 ni\u00f1os tienen un problema de obesidad, y de acuerdo a la Encuesta Nacional de Salud y Nutrici\u00f3n 2018, la obesidad se increment\u00f3 24.9% en el grupo de adolescentes.<\/p>\n<p class=\"x_MsoNormal\">Po eso, se invita a que desde casa se puedan llevar a cabo acciones para evitar la obesidad infantil, como ofrecer el agua simple como primera opci\u00f3n de bebida y desayunar, comer y cenar comida hecha en casa que lleve verduras y frutas de temporada.<\/p>\n<p class=\"x_MsoNormal\">Asimismo, se recomienda planificar las horas para los alimentos, el tiempo para\u00a0 ejercitarse y los horarios de sue\u00f1o, adem\u00e1s de evitar la modificaci\u00f3n de las rutinas de sue\u00f1o vigilia, las actividades\u00a0 sedentarias y el uso indiscriminado de televisi\u00f3n y medios electr\u00f3nicos.<\/p>\n<p class=\"x_MsoNormal\">Adem\u00e1s, destinar tiempos para estar frente a pantallas o tablets y procurar hacer otro tipo de actividades relacionadas con el movimiento o la m\u00fasica.<\/p>\n<p class=\"x_MsoNormal\">Cabe mencionar que el 80% de ni\u00f1os con obesidad infantil se perpetuar\u00e1 en la edad adulta y se relaciona con diabetes, hipertensi\u00f3n arterial y s\u00edndrome metab\u00f3lico, afectando de manera importante la calidad de vida de estos pacientes.<\/p>\n<p class=\"x_MsoNormal\">Al respecto, la Secretar\u00eda de Salud informa que una de las comorbilidades asociadas a las defunciones por Covid-19 es la obesidad, ya que el 24% de ellas tienen este perfil, cuya base recae principalmente en los estilos de vida que se tienen en alimentaci\u00f3n y la actividad f\u00edsica.<\/p>\n","protected":false},"excerpt":{"rendered":"<p>La Secretar\u00eda de Salud y Bienestar Social del Gobierno del Estado informa que la pandemia de Covid-19 puede aumentar la obesidad infantil, debido a que en los periodos de vacaciones o fuera de escuela, como ahora sucede por la contingencia sanitaria, suelen darse incrementos de peso por la alta disponibilidad de alimentos ultraprocesados\u00a0 y falta&#8230;<\/p>\n","protected":false},"author":2,"featured_media":11086,"comment_status":"open","ping_status":"open","sticky":false,"template":"","format":"standard","meta":{"footnotes":""},"categories":[9],"tags":[29,30,28],"class_list":["post-11085","post","type-post","status-publish","format-standard","has-post-thumbnail","hentry","category-agro-y-salud","tag-grid","tag-news","tag-slider"],"_links":{"self":[{"href":"http:\/\/elobservatorio.com.mx\/index.php?rest_route=\/wp\/v2\/posts\/11085"}],"collection":[{"href":"http:\/\/elobservatorio.com.mx\/index.php?rest_route=\/wp\/v2\/posts"}],"about":[{"href":"http:\/\/elobservatorio.com.mx\/index.php?rest_route=\/wp\/v2\/types\/post"}],"author":[{"embeddable":true,"href":"http:\/\/elobservatorio.com.mx\/index.php?rest_route=\/wp\/v2\/users\/2"}],"replies":[{"embeddable":true,"href":"http:\/\/elobservatorio.com.mx\/index.php?rest_route=%2Fwp%2Fv2%2Fcomments&post=11085"}],"version-history":[{"count":0,"href":"http:\/\/elobservatorio.com.mx\/index.php?rest_route=\/wp\/v2\/posts\/11085\/revisions"}],"wp:featuredmedia":[{"embeddable":true,"href":"http:\/\/elobservatorio.com.mx\/index.php?rest_route=\/wp\/v2\/media\/11086"}],"wp:attachment":[{"href":"http:\/\/elobservatorio.com.mx\/index.php?rest_route=%2Fwp%2Fv2%2Fmedia&parent=11085"}],"wp:term":[{"taxonomy":"category","embeddable":true,"href":"http:\/\/elobservatorio.com.mx\/index.php?rest_route=%2Fwp%2Fv2%2Fcategories&post=11085"},{"taxonomy":"post_tag","embeddable":true,"href":"http:\/\/elobservatorio.com.mx\/index.php?rest_route=%2Fwp%2Fv2%2Ftags&post=11085"}],"curies":[{"name":"wp","href":"https:\/\/api.w.org\/{rel}","templated":true}]}}