{"id":11113,"date":"2020-06-09T14:07:09","date_gmt":"2020-06-09T19:07:09","guid":{"rendered":"http:\/\/elobservatorio.com.mx\/?p=11113"},"modified":"2020-06-09T14:07:09","modified_gmt":"2020-06-09T19:07:09","slug":"lamenta-udec-fallecimiento-del-maestro-manuel-felguerez","status":"publish","type":"post","link":"http:\/\/elobservatorio.com.mx\/?p=11113","title":{"rendered":"Lamenta UdeC fallecimiento del maestro Manuel Felgu\u00e9rez"},"content":{"rendered":"<p><em>*La Universidad de Colima le otorg\u00f3 el Doctorado Honoris Causa en 2016.<\/em><\/p>\n<p>La Universidad de Colima, a trav\u00e9s de su rector Jos\u00e9 Eduardo Hern\u00e1ndez Nava, lament\u00f3 la muerte, este lunes por la madrugada, del pintor, escultor, grabador y muralista Manuel Felgu\u00e9rez Barra, a quien esta Casa de Estudios le entreg\u00f3 el Doctorado <em>Honoris Causa<\/em> en 2016, \u201cpor ser uno de los artistas visuales m\u00e1s destacados en la historia del arte contempor\u00e1neo y sobresaliente int\u00e9rprete del discurso conceptual de la pl\u00e1stica mexicana\u201d.<\/p>\n<p>Manuel Felgu\u00e9rez, de 91 a\u00f1os y nacido en Zacatecas, mantuvo por casi tres d\u00e9cadas una colaboraci\u00f3n estrecha con la UdeC, desde que elabor\u00f3 la escultura que celebra los 50 a\u00f1os de esta instituci\u00f3n educativa y hasta antes de su fallecimiento. La escultura, elaborada en concreto, se ubica en el cruce de las avenidas Universidad y Camino Real. Adem\u00e1s, de manera reciente, don\u00f3 diez grabados de su autor\u00eda, en mediano formato, a esta Universidad.<\/p>\n<p>Durante la ceremonia de entrega del doctorado, el rector destac\u00f3 las propuestas que hicieron Felgu\u00e9rez y otros artistas, a quienes se les llam\u00f3 la Generaci\u00f3n de la Ruptura, y que ayudaron a \u201cabrir las puertas de la libertad en el arte de M\u00e9xico; por eso estamos aqu\u00ed, para dar testimonio de su entrega, porque gracias a todos ellos, estoy convencido, los universitarios colimenses nos desarrollamos en un ambiente abierto y plural\u201d.<\/p>\n<p>Dijo entonces que las obras de Felgu\u00e9rez son \u201cfundacionales\u201d, no ornamentales, porque estas \u00faltimas s\u00f3lo duran un breve tiempo; en cambio, \u201clas primeras tienen que ver con su momento hist\u00f3rico y su espacio; duran por generaciones y quedan como se\u00f1ales de lo que es la ciudad o, como en este caso, de lo que es la Universidad\u201d.<\/p>\n<p>Asegur\u00f3, por \u00faltimo, que fue un acierto para la Universidad otorgarle este doctorado al maestro Felgu\u00e9rez, ya que \u201csu obra representa el cambio, la innovaci\u00f3n y diferenciaci\u00f3n urban\u00edstica que simbolizan nuestra mirada al futuro\u201d.<\/p>\n<p>En su intervenci\u00f3n de esa vez, el maestro Felgu\u00e9rez dijo que \u201cel arte lo creamos entre todos y tiene que estar de acuerdo con la sociedad de su tiempo. En todo momento, el arte est\u00e1 en constante transformaci\u00f3n, nunca se ancla; el artista contempor\u00e1neo y el de antes siempre han tenido como obligaci\u00f3n principal crear, inventar y transformar en el arte. El artista tiene la obligaci\u00f3n de transformar el arte, si no, no es artista\u201d.<\/p>\n<p>Para \u00e9l, el arte es algo m\u00e1s all\u00e1 de la mera t\u00e9cnica, de aprender a pintar; \u201ccualquiera puede aprender a pintar, pero el arte es otra cosa, porque no todo el que brinca, baila. En mi caso, yo me comunico con los objetos, le doy vida a la materia a trav\u00e9s del esp\u00edritu\u201d.<\/p>\n<p>Felgu\u00e9rez inici\u00f3 su formaci\u00f3n como artista en Europa, desde 1949. Su primera exposici\u00f3n individual fue en 1954, en el Instituto Franc\u00e9s de la Am\u00e9rica Latina, en M\u00e9xico. Despu\u00e9s de all\u00ed comenz\u00f3 a exponer en otros pa\u00edses y en varias ciudades de M\u00e9xico. Adem\u00e1s, dio clases en las Universidades de Cornell y Harvard, Estados Unidos, y en la Ibero y la UNAM.<\/p>\n<p>Fue pionero en el uso de la computadora como herramienta art\u00edstica. Entre otros muchos premios, gan\u00f3 el Gran Premio de Honor de la XIII Bienal de Sao Paulo, Brasil, el Premio Nacional de Ciencias y Artes en el \u00e1rea de Bellas Artes y el Premio de Artes del Estado de Zacatecas.<\/p>\n","protected":false},"excerpt":{"rendered":"<p>*La Universidad de Colima le otorg\u00f3 el Doctorado Honoris Causa en 2016. La Universidad de Colima, a trav\u00e9s de su rector Jos\u00e9 Eduardo Hern\u00e1ndez Nava, lament\u00f3 la muerte, este lunes por la madrugada, del pintor, escultor, grabador y muralista Manuel Felgu\u00e9rez Barra, a quien esta Casa de Estudios le entreg\u00f3 el Doctorado Honoris Causa en&#8230;<\/p>\n","protected":false},"author":2,"featured_media":11114,"comment_status":"open","ping_status":"open","sticky":false,"template":"","format":"standard","meta":{"footnotes":""},"categories":[14],"tags":[29,30,28],"class_list":["post-11113","post","type-post","status-publish","format-standard","has-post-thumbnail","hentry","category-educacion-y-cultura","tag-grid","tag-news","tag-slider"],"_links":{"self":[{"href":"http:\/\/elobservatorio.com.mx\/index.php?rest_route=\/wp\/v2\/posts\/11113"}],"collection":[{"href":"http:\/\/elobservatorio.com.mx\/index.php?rest_route=\/wp\/v2\/posts"}],"about":[{"href":"http:\/\/elobservatorio.com.mx\/index.php?rest_route=\/wp\/v2\/types\/post"}],"author":[{"embeddable":true,"href":"http:\/\/elobservatorio.com.mx\/index.php?rest_route=\/wp\/v2\/users\/2"}],"replies":[{"embeddable":true,"href":"http:\/\/elobservatorio.com.mx\/index.php?rest_route=%2Fwp%2Fv2%2Fcomments&post=11113"}],"version-history":[{"count":0,"href":"http:\/\/elobservatorio.com.mx\/index.php?rest_route=\/wp\/v2\/posts\/11113\/revisions"}],"wp:featuredmedia":[{"embeddable":true,"href":"http:\/\/elobservatorio.com.mx\/index.php?rest_route=\/wp\/v2\/media\/11114"}],"wp:attachment":[{"href":"http:\/\/elobservatorio.com.mx\/index.php?rest_route=%2Fwp%2Fv2%2Fmedia&parent=11113"}],"wp:term":[{"taxonomy":"category","embeddable":true,"href":"http:\/\/elobservatorio.com.mx\/index.php?rest_route=%2Fwp%2Fv2%2Fcategories&post=11113"},{"taxonomy":"post_tag","embeddable":true,"href":"http:\/\/elobservatorio.com.mx\/index.php?rest_route=%2Fwp%2Fv2%2Ftags&post=11113"}],"curies":[{"name":"wp","href":"https:\/\/api.w.org\/{rel}","templated":true}]}}