{"id":11116,"date":"2020-06-09T14:16:22","date_gmt":"2020-06-09T19:16:22","guid":{"rendered":"http:\/\/elobservatorio.com.mx\/?p=11116"},"modified":"2020-06-09T14:16:22","modified_gmt":"2020-06-09T19:16:22","slug":"por-temporada-de-lluvias-realizan-limpieza-de-drenes-y-alcantarillas","status":"publish","type":"post","link":"http:\/\/elobservatorio.com.mx\/?p=11116","title":{"rendered":"Por temporada de lluvias realizan limpieza de drenes y alcantarillas"},"content":{"rendered":"<p>ARMER\u00cdA. Con el prop\u00f3sito de es estar preparados ante cualquier contingencia que se presente durante la temporada de lluvias el Ayuntamiento que preside el alcalde Salvador Bueno Arceo a trav\u00e9s de la Unidad Municipal de Protecci\u00f3n Civil y en coordinaci\u00f3n con Servicios P\u00fablicos lleva a cabo los trabajos desazolve de alcantarillas y drenes.<\/p>\n<p>El director de Protecci\u00f3n Civil Antonio Barocio Galv\u00e1n dijo que por instrucciones del alcalde es que desde d\u00edas pasados se dio inicio con estas actividades, \u201clas cuales estamos llevando a cabo con el apoyo de la direcci\u00f3n de Servicios P\u00fablicos para los trabajos que se requieran\u201d.<\/p>\n<p>Agreg\u00f3 que luego de que se identificaran las \u00e1reas y zonas de riesgo se determin\u00f3 donde se requieren los trabajos de limpieza y\/o desazolve, \u201ccomo es el caso de los drenes ubicados en las calles de la colonia La Laguna de la comunidad de Rinc\u00f3n de L\u00f3pez y Cofrad\u00eda de Ju\u00e1rez\u201d.<\/p>\n<p>Barocio Galv\u00e1n dijo adem\u00e1s que en lo que se refiere a la cabecera municipal tambi\u00e9n se realizaron en tiempo y forma la revisi\u00f3n de las zonas identificadas como de riesgo \u201cy coordinados con el director de Servicios P\u00fablicos Aldo Enr\u00edquez es que se lleva a cabo tambi\u00e9n la limpieza de todas las alcantarillas y drenes que tengan problema de taponamiento o azolve.<\/p>\n<p>Por \u00faltimo dijo que se lleva un avance de m\u00e1s del 50 por ciento en este trabajo de limpieza preventiva en todas las zonas de todo el municipio y pidi\u00f3 a los armeritenses que no tiren basura en estas zonas ya que eso es la principal causa que generan los taponamientos y a su vez se registraban encharcamientos o inundaciones que pueden afectar las viviendas.<\/p>\n","protected":false},"excerpt":{"rendered":"<p>ARMER\u00cdA. Con el prop\u00f3sito de es estar preparados ante cualquier contingencia que se presente durante la temporada de lluvias el Ayuntamiento que preside el alcalde Salvador Bueno Arceo a trav\u00e9s de la Unidad Municipal de Protecci\u00f3n Civil y en coordinaci\u00f3n con Servicios P\u00fablicos lleva a cabo los trabajos desazolve de alcantarillas y drenes. El director&#8230;<\/p>\n","protected":false},"author":2,"featured_media":11117,"comment_status":"open","ping_status":"open","sticky":false,"template":"","format":"standard","meta":{"footnotes":""},"categories":[33,8],"tags":[29,30,28],"class_list":["post-11116","post","type-post","status-publish","format-standard","has-post-thumbnail","hentry","category-armeria","category-municipios","tag-grid","tag-news","tag-slider"],"_links":{"self":[{"href":"http:\/\/elobservatorio.com.mx\/index.php?rest_route=\/wp\/v2\/posts\/11116"}],"collection":[{"href":"http:\/\/elobservatorio.com.mx\/index.php?rest_route=\/wp\/v2\/posts"}],"about":[{"href":"http:\/\/elobservatorio.com.mx\/index.php?rest_route=\/wp\/v2\/types\/post"}],"author":[{"embeddable":true,"href":"http:\/\/elobservatorio.com.mx\/index.php?rest_route=\/wp\/v2\/users\/2"}],"replies":[{"embeddable":true,"href":"http:\/\/elobservatorio.com.mx\/index.php?rest_route=%2Fwp%2Fv2%2Fcomments&post=11116"}],"version-history":[{"count":0,"href":"http:\/\/elobservatorio.com.mx\/index.php?rest_route=\/wp\/v2\/posts\/11116\/revisions"}],"wp:featuredmedia":[{"embeddable":true,"href":"http:\/\/elobservatorio.com.mx\/index.php?rest_route=\/wp\/v2\/media\/11117"}],"wp:attachment":[{"href":"http:\/\/elobservatorio.com.mx\/index.php?rest_route=%2Fwp%2Fv2%2Fmedia&parent=11116"}],"wp:term":[{"taxonomy":"category","embeddable":true,"href":"http:\/\/elobservatorio.com.mx\/index.php?rest_route=%2Fwp%2Fv2%2Fcategories&post=11116"},{"taxonomy":"post_tag","embeddable":true,"href":"http:\/\/elobservatorio.com.mx\/index.php?rest_route=%2Fwp%2Fv2%2Ftags&post=11116"}],"curies":[{"name":"wp","href":"https:\/\/api.w.org\/{rel}","templated":true}]}}