{"id":11201,"date":"2020-06-15T20:01:15","date_gmt":"2020-06-16T01:01:15","guid":{"rendered":"http:\/\/elobservatorio.com.mx\/?p=11201"},"modified":"2020-06-15T20:01:15","modified_gmt":"2020-06-16T01:01:15","slug":"cumple-movilidad-con-disposiciones-sanitarias-y-laborales-en-materia-de-sanidad","status":"publish","type":"post","link":"http:\/\/elobservatorio.com.mx\/?p=11201","title":{"rendered":"Cumple Movilidad con disposiciones sanitarias y laborales en materia de sanidad"},"content":{"rendered":"<p class=\"x_MsoNormal\">La Secretar\u00eda de Movilidad el Gobierno del Estado de Colima, es la primera dependencia en cumplir con las disposiciones oficiales en materia de sanidad, protecci\u00f3n civil y seguridad laboral, sugeridas por la Comisi\u00f3n Estatal para la Protecci\u00f3n Contra Riesgos Sanitarios (Coespris), de la Secretar\u00eda de Salud y Bienestar Social del estado y, el Sindicato de Trabajadores al Servicio del Gobierno del Estado de Colima.<\/p>\n<p class=\"x_MsoNormal\">En los \u00faltimos d\u00edas, en la Secretar\u00eda de Movilidad se han realizado adecuaciones en su infraestructura y colocado aditamentos de protecci\u00f3n y desinfecci\u00f3n, para establecer nuevos protocolos de atenci\u00f3n a las personas usuarias, una vez que se reanuden las actividades y expedici\u00f3n de tr\u00e1mites.<\/p>\n<p class=\"x_MsoNormal\">Por ello, un comit\u00e9 integrado por personal de la Coespris, de la Secretar\u00eda de Salud y del Sistema Estatal de Protecci\u00f3n Civil, visit\u00f3 las instalaciones de la Secretar\u00eda de Movilidad, para supervisar las modificaciones hechas, la colocaci\u00f3n de material informativo, y aditamentos para la desinfecci\u00f3n.<\/p>\n<p class=\"x_MsoNormal\">Por otro lado, el dirigente del Sindicato de Trabajadores al Servicio del Gobierno del Estado de Colima, Martin Flores Casta\u00f1eda, acompa\u00f1ado de un grupo de colaboradores, acudieron a la Secretar\u00eda de Movilidad para conocer las modificaciones en los entornos laborales, para dar seguridad a las y los trabajadores.<\/p>\n<p class=\"x_MsoNormal\">De esta forma se garantiza la aplicaci\u00f3n de los protocolos adecuados para la atenci\u00f3n en los tr\u00e1mites, sin poner en riesgo a ninguna de las partes, tanto personas usuarias como personal que labora en las instalaciones.<\/p>\n<p class=\"x_MsoNormal\">Ante la llamada nueva normalidad, el ingreso a las instalaciones de la Secretar\u00eda de Movilidad, estar\u00e1 limitado \u00fanicamente para las personas que har\u00e1n alg\u00fan tr\u00e1mite y que fue solicitado mediante una cita.<\/p>\n<p class=\"x_MsoNormal\">Para ingresar a las instalaciones, el uso de cubrebocas ser\u00e1 obligatorio, se tomar\u00e1 la temperatura corporal y se desinfectar\u00e1n manos con gel antibactarial, as\u00ed como las suelas de zapatos a trav\u00e9s de un tapete desinfectante.<\/p>\n","protected":false},"excerpt":{"rendered":"<p>La Secretar\u00eda de Movilidad el Gobierno del Estado de Colima, es la primera dependencia en cumplir con las disposiciones oficiales en materia de sanidad, protecci\u00f3n civil y seguridad laboral, sugeridas por la Comisi\u00f3n Estatal para la Protecci\u00f3n Contra Riesgos Sanitarios (Coespris), de la Secretar\u00eda de Salud y Bienestar Social del estado y, el Sindicato de&#8230;<\/p>\n","protected":false},"author":2,"featured_media":11202,"comment_status":"open","ping_status":"open","sticky":false,"template":"","format":"standard","meta":{"footnotes":""},"categories":[16],"tags":[29,30,28],"class_list":["post-11201","post","type-post","status-publish","format-standard","has-post-thumbnail","hentry","category-gobierno","tag-grid","tag-news","tag-slider"],"_links":{"self":[{"href":"http:\/\/elobservatorio.com.mx\/index.php?rest_route=\/wp\/v2\/posts\/11201"}],"collection":[{"href":"http:\/\/elobservatorio.com.mx\/index.php?rest_route=\/wp\/v2\/posts"}],"about":[{"href":"http:\/\/elobservatorio.com.mx\/index.php?rest_route=\/wp\/v2\/types\/post"}],"author":[{"embeddable":true,"href":"http:\/\/elobservatorio.com.mx\/index.php?rest_route=\/wp\/v2\/users\/2"}],"replies":[{"embeddable":true,"href":"http:\/\/elobservatorio.com.mx\/index.php?rest_route=%2Fwp%2Fv2%2Fcomments&post=11201"}],"version-history":[{"count":0,"href":"http:\/\/elobservatorio.com.mx\/index.php?rest_route=\/wp\/v2\/posts\/11201\/revisions"}],"wp:featuredmedia":[{"embeddable":true,"href":"http:\/\/elobservatorio.com.mx\/index.php?rest_route=\/wp\/v2\/media\/11202"}],"wp:attachment":[{"href":"http:\/\/elobservatorio.com.mx\/index.php?rest_route=%2Fwp%2Fv2%2Fmedia&parent=11201"}],"wp:term":[{"taxonomy":"category","embeddable":true,"href":"http:\/\/elobservatorio.com.mx\/index.php?rest_route=%2Fwp%2Fv2%2Fcategories&post=11201"},{"taxonomy":"post_tag","embeddable":true,"href":"http:\/\/elobservatorio.com.mx\/index.php?rest_route=%2Fwp%2Fv2%2Ftags&post=11201"}],"curies":[{"name":"wp","href":"https:\/\/api.w.org\/{rel}","templated":true}]}}