{"id":11217,"date":"2020-06-17T13:54:15","date_gmt":"2020-06-17T18:54:15","guid":{"rendered":"http:\/\/elobservatorio.com.mx\/?p=11217"},"modified":"2020-06-17T13:54:15","modified_gmt":"2020-06-17T18:54:15","slug":"empresarios-ayudaran-al-gobernador-a-convencer-a-diputados-para-aprobacion-del-credito","status":"publish","type":"post","link":"http:\/\/elobservatorio.com.mx\/?p=11217","title":{"rendered":"Empresarios ayudar\u00e1n al Gobernador a convencer a diputados para aprobaci\u00f3n del cr\u00e9dito"},"content":{"rendered":"<p class=\"x_MsoNormal\"><i>*Diversos L\u00edderes empresariales y profesionistas reconocieron el trabajo financiero hecho por el mandatario estatal<\/i><\/p>\n<p class=\"x_MsoNormal\">El gobernador Jos\u00e9 Ignacio Peralta S\u00e1nchez, dio a conocer la situaci\u00f3n que atraviesan las finanzas p\u00fablicas del Estado de Colima derivada de la reducci\u00f3n en los ingresos de casi 3 mil millones de pesos en 2 a\u00f1os.<\/p>\n<p class=\"x_MsoNormal\">Ignacio Peralta detall\u00f3 que su gobierno recibi\u00f3 deudas no bancarias por alrededor de 5 mil millones y casi 3 mil millones de pesos a bancos.<\/p>\n<p class=\"x_MsoNormal\">Sin embargo, se han disminuido ambas deudas de manera muy importante, sobre todo del a\u00f1o 2016 a 2018 se realizaron pagos de muchos pasivos.<\/p>\n<p class=\"x_MsoNormal\">No obstante, por primera vez en 20 a\u00f1os, el Gobierno del Estado est\u00e1 recibiendo menos recursos de lo esperado, del dinero que se cont\u00f3 en 2018 al recurso disponible para 2020 se prev\u00e9n 3 mil millones de pesos menos.<\/p>\n<p class=\"x_MsoNormal\">Esto origina que adeudos existentes no se podr\u00e1n pagar, como es el contrato para la construcci\u00f3n del C5i y las deudas originadas para la compra de infraestructura y equipamiento para hacer frente al Covid-19, que no constituyen deuda nueva, sino que es deuda ya contratada.<\/p>\n<p class=\"x_MsoNormal\">Se\u00f1al\u00f3 que en caso de que el Congreso del Estado no apruebe el cr\u00e9dito, que solicitar\u00e1 el gobierno estatal, los llevar\u00eda a implementar una pol\u00edtica fiscal restrictiva en plena crisis financiera.<\/p>\n<p class=\"x_MsoNormal\">\u201cEl Gobierno del Estado se estar\u00eda encaminando a la peor crisis que hemos visto en 100 a\u00f1os, con los niveles de liquidez pr\u00e1cticamente cancelados. Esa es parte de la preocupaci\u00f3n que tengo para poder implementar alg\u00fan tipo de medida durante la crisis\u201d, sostuvo el mandatario estatal durante una reuni\u00f3n virtual con representantes del sector empresarial y gremios de profesionistas, a quienes les expuso la situaci\u00f3n de las finanzas p\u00fablicas en el Estado.<\/p>\n<p class=\"x_MsoNormal\">El titular del Ejecutivo manifest\u00f3 que es importante que la sociedad colimense conozca con mucha claridad la situaci\u00f3n de las finanzas p\u00fablicas y de explique a detalle el destino de cada peso, la razones porque es necesario y los beneficios que traer\u00e1 para el Estado.<\/p>\n<p class=\"x_MsoNormal\">En la reuni\u00f3n en la que fungi\u00f3 como moderador, el secretario de Fomento Econ\u00f3mico, Walter Oldenbourg Ochoa, el gobernador Peralta S\u00e1nchez reiter\u00f3 que en caso de que no se apruebe el cr\u00e9dito se vislumbra un escenario complejo y se dejar\u00edan inconclusos proyectos ya iniciados.<\/p>\n<p class=\"x_MsoNormal\">En tanto, diversos representantes del sector empresarial hicieron uso de la voz para respaldar la solicitud de un empr\u00e9stito para atender \u00e1reas primordiales como la seguridad y la salud en el Estado.<\/p>\n<p class=\"x_MsoNormal\">Incluso algunos empresarios expresaron que tendr\u00e1n acercamiento con los legisladores para manifestar su apoyo a la operaci\u00f3n y destino de este recurso.<\/p>\n<p class=\"x_MsoNormal\">Adem\u00e1s se manifestaron porque exista un nuevo reordenamiento en lo que se refiere al ingreso federal para solventar las principales necesidades de la entidad.<\/p>\n<p class=\"x_MsoNormal\">Este tipo de ejercicio, el acceso a la informaci\u00f3n p\u00fablica, se\u00f1alaron los empresarios,\u00a0 fomenta la participaci\u00f3n informada y responsable.<\/p>\n<p class=\"x_MsoNormal\">Tambi\u00e9n particip\u00f3 en esta videoconferencia, el secretario de Desarrollo Rural, Agust\u00edn Morales Anguiano y la secretaria de Turismo Mara I\u00f1iguez<\/p>\n","protected":false},"excerpt":{"rendered":"<p>*Diversos L\u00edderes empresariales y profesionistas reconocieron el trabajo financiero hecho por el mandatario estatal El gobernador Jos\u00e9 Ignacio Peralta S\u00e1nchez, dio a conocer la situaci\u00f3n que atraviesan las finanzas p\u00fablicas del Estado de Colima derivada de la reducci\u00f3n en los ingresos de casi 3 mil millones de pesos en 2 a\u00f1os. Ignacio Peralta detall\u00f3 que&#8230;<\/p>\n","protected":false},"author":2,"featured_media":11218,"comment_status":"open","ping_status":"open","sticky":false,"template":"","format":"standard","meta":{"footnotes":""},"categories":[16],"tags":[29,30,28],"class_list":["post-11217","post","type-post","status-publish","format-standard","has-post-thumbnail","hentry","category-gobierno","tag-grid","tag-news","tag-slider"],"_links":{"self":[{"href":"http:\/\/elobservatorio.com.mx\/index.php?rest_route=\/wp\/v2\/posts\/11217"}],"collection":[{"href":"http:\/\/elobservatorio.com.mx\/index.php?rest_route=\/wp\/v2\/posts"}],"about":[{"href":"http:\/\/elobservatorio.com.mx\/index.php?rest_route=\/wp\/v2\/types\/post"}],"author":[{"embeddable":true,"href":"http:\/\/elobservatorio.com.mx\/index.php?rest_route=\/wp\/v2\/users\/2"}],"replies":[{"embeddable":true,"href":"http:\/\/elobservatorio.com.mx\/index.php?rest_route=%2Fwp%2Fv2%2Fcomments&post=11217"}],"version-history":[{"count":0,"href":"http:\/\/elobservatorio.com.mx\/index.php?rest_route=\/wp\/v2\/posts\/11217\/revisions"}],"wp:featuredmedia":[{"embeddable":true,"href":"http:\/\/elobservatorio.com.mx\/index.php?rest_route=\/wp\/v2\/media\/11218"}],"wp:attachment":[{"href":"http:\/\/elobservatorio.com.mx\/index.php?rest_route=%2Fwp%2Fv2%2Fmedia&parent=11217"}],"wp:term":[{"taxonomy":"category","embeddable":true,"href":"http:\/\/elobservatorio.com.mx\/index.php?rest_route=%2Fwp%2Fv2%2Fcategories&post=11217"},{"taxonomy":"post_tag","embeddable":true,"href":"http:\/\/elobservatorio.com.mx\/index.php?rest_route=%2Fwp%2Fv2%2Ftags&post=11217"}],"curies":[{"name":"wp","href":"https:\/\/api.w.org\/{rel}","templated":true}]}}