{"id":11405,"date":"2020-07-01T16:04:22","date_gmt":"2020-07-01T21:04:22","guid":{"rendered":"http:\/\/elobservatorio.com.mx\/?p=11405"},"modified":"2020-07-01T16:11:06","modified_gmt":"2020-07-01T21:11:06","slug":"piden-a-primera-dama-atienda-a-ninos-con-cancer-y-se-molesta","status":"publish","type":"post","link":"http:\/\/elobservatorio.com.mx\/?p=11405","title":{"rendered":"Piden a primera dama atienda a ni\u00f1os con c\u00e1ncer y se molesta"},"content":{"rendered":"<p class=\"mvp-post-title left entry-title\">\u201cNo soy m\u00e9dico\u201d, responde Guti\u00e9rrez M\u00fcller sobre atenci\u00f3n a ni\u00f1os con c\u00e1ncer * Usuarios cuestionaron la falta de empat\u00eda de la escritora y la compararon con Ang\u00e9lica Rivera<\/p>\n<p>Una vez m\u00e1s la escritora Beatriz Guti\u00e9rrez M\u00fcller se encuentra en el foco de las redes sociales luego de que un usuario la cuestionara sobre la atenci\u00f3n a ni\u00f1os con c\u00e1ncer, a lo que la esposa de Andr\u00e9s Manuel L\u00f3pez Obrador contest\u00f3 con un \u201cno soy m\u00e9dico\u201d.<\/p>\n<p>Lo anterior luego de que Guti\u00e9rrez M\u00fcller publicara en su cuenta de Twitter sobre los dos a\u00f1os del triunfo electoral de L\u00f3pez Obrador, donde entre los m\u00faltiples comentarios llam\u00f3 la atenci\u00f3n el de Jos\u00e9 David Guerra.<\/p>\n<blockquote class=\"wp-block-quote\"><p>\u201c\u00bfCu\u00e1ndo atender\u00e1 personalmente a los padres de ni\u00f1os con c\u00e1ncer? Gracias por su amable respuesta\u201d, escribi\u00f3 el usuario.<\/p><\/blockquote>\n<p>Ante ello la escritora le respondi\u00f3 afirmando que no era m\u00e9dico para ayudarlos, pero si \u00e9l lo era deber\u00eda hacerlo.<\/p>\n<blockquote class=\"wp-block-quote\"><p>\u201cNo soy m\u00e9dico, a lo mejor usted si. Ande, ay\u00fadalos\u201d, respondi\u00f3.<\/p><\/blockquote>\n<p>Adem\u00e1s de exigir una disculpa p\u00fablica, algunos usuarios compararon el papel que ha desempe\u00f1ado Guti\u00e9rrez M\u00fcller con el de la exprimera dama, Ang\u00e9lica Rivera, de qui\u00e9n aseguraron s\u00ed tenia tiempo para atender a padres de ni\u00f1os con c\u00e1ncer.<\/p>\n","protected":false},"excerpt":{"rendered":"<p>\u201cNo soy m\u00e9dico\u201d, responde Guti\u00e9rrez M\u00fcller sobre atenci\u00f3n a ni\u00f1os con c\u00e1ncer * Usuarios cuestionaron la falta de empat\u00eda de la escritora y la compararon con Ang\u00e9lica Rivera Una vez m\u00e1s la escritora Beatriz Guti\u00e9rrez M\u00fcller se encuentra en el foco de las redes sociales luego de que un usuario la cuestionara sobre la atenci\u00f3n&#8230;<\/p>\n","protected":false},"author":2,"featured_media":11406,"comment_status":"open","ping_status":"open","sticky":false,"template":"","format":"standard","meta":{"footnotes":""},"categories":[13],"tags":[29,30,28],"class_list":["post-11405","post","type-post","status-publish","format-standard","has-post-thumbnail","hentry","category-nacion-y-mundo","tag-grid","tag-news","tag-slider"],"_links":{"self":[{"href":"http:\/\/elobservatorio.com.mx\/index.php?rest_route=\/wp\/v2\/posts\/11405"}],"collection":[{"href":"http:\/\/elobservatorio.com.mx\/index.php?rest_route=\/wp\/v2\/posts"}],"about":[{"href":"http:\/\/elobservatorio.com.mx\/index.php?rest_route=\/wp\/v2\/types\/post"}],"author":[{"embeddable":true,"href":"http:\/\/elobservatorio.com.mx\/index.php?rest_route=\/wp\/v2\/users\/2"}],"replies":[{"embeddable":true,"href":"http:\/\/elobservatorio.com.mx\/index.php?rest_route=%2Fwp%2Fv2%2Fcomments&post=11405"}],"version-history":[{"count":0,"href":"http:\/\/elobservatorio.com.mx\/index.php?rest_route=\/wp\/v2\/posts\/11405\/revisions"}],"wp:featuredmedia":[{"embeddable":true,"href":"http:\/\/elobservatorio.com.mx\/index.php?rest_route=\/wp\/v2\/media\/11406"}],"wp:attachment":[{"href":"http:\/\/elobservatorio.com.mx\/index.php?rest_route=%2Fwp%2Fv2%2Fmedia&parent=11405"}],"wp:term":[{"taxonomy":"category","embeddable":true,"href":"http:\/\/elobservatorio.com.mx\/index.php?rest_route=%2Fwp%2Fv2%2Fcategories&post=11405"},{"taxonomy":"post_tag","embeddable":true,"href":"http:\/\/elobservatorio.com.mx\/index.php?rest_route=%2Fwp%2Fv2%2Ftags&post=11405"}],"curies":[{"name":"wp","href":"https:\/\/api.w.org\/{rel}","templated":true}]}}