{"id":11435,"date":"2020-07-03T13:41:24","date_gmt":"2020-07-03T18:41:24","guid":{"rendered":"http:\/\/elobservatorio.com.mx\/?p=11435"},"modified":"2020-07-03T13:41:24","modified_gmt":"2020-07-03T18:41:24","slug":"proyecto-medio-ambiental-colimense-finalista-en-concurso-de-innovacion-europeo","status":"publish","type":"post","link":"http:\/\/elobservatorio.com.mx\/?p=11435","title":{"rendered":"Proyecto Medio Ambiental Colimense, finalista en concurso de innovaci\u00f3n Europeo"},"content":{"rendered":"<p class=\"x_MsoNormal\">El Gobierno del Estado a trav\u00e9s del Consejo Estatal de Ciencia y Tecnolog\u00eda felicit\u00f3 a los j\u00f3venes colimenses que desarrollaron un proyecto cient\u00edfico-tecnol\u00f3gico con enfoque medio ambiental, quienes lograron llegar a la final virtual del Startup Europe Accelerathon Waste2Energy, evento de innovaci\u00f3n y emprendimiento, organizado por Fundaci\u00f3n Finnova.<\/p>\n<p class=\"x_MsoNormal\">El objetivo de dicho concurso fue desarrollar soluciones innovadoras, enfocadas a limitar la generaci\u00f3n total de residuos y fomentar la econom\u00eda circular, esto en l\u00ednea con los Objetivos de Desarrollo Sostenible de la Agenda 2030 de las Naciones Unidas.<\/p>\n<p class=\"x_MsoNormal\">El equipo colimense Sigamu (Sistema Integral de Gesti\u00f3n de Aceite Mineral Usado), integrado por los Colimenses, Karina Guti\u00e9rrez Anaya y Juan Pablo Valdivia Garcia, lograron llegar a la final del evento de aceleraci\u00f3n, junto con otros 5 equipos de diferentes nacionalidades.<\/p>\n<p class=\"x_MsoNormal\">Dicha iniciativa de base tecnol\u00f3gica, busca dar soluci\u00f3n a problemas ambientales y sociales a trav\u00e9s de la puesta en marcha de un sistema integrado de recolecci\u00f3n de aceite mineral automotriz usado, que se encargar\u00e1 de garantizar la gesti\u00f3n y correcto destino final del mismo.<\/p>\n<p class=\"x_MsoNormal\">Al respecto la directora del Cecytcol, Gloria Marmolejo Jaramillo, recalc\u00f3 la importancia de apoyar este tipo de iniciativas innovadoras que ayudan a promover el desarrollo sostenible a trav\u00e9s de la ciencia y la tecnolog\u00eda; adem\u00e1s de proyectar ideas locales que compitan para conseguir apoyos nacionales e internacionales logrando as\u00ed sus objetivos.<\/p>\n<p class=\"x_MsoNormal\">Por su parte, los\/as participantes agradecieron el apoyo de Gobierno del Estado a trav\u00e9s de diversas dependencias y mencionaron la importancia de poner en marcha la transici\u00f3n hacia una econom\u00eda m\u00e1s verde, neutra en carbono y en armon\u00eda con el medio ambiente, siendo este proyecto su aportaci\u00f3n hacia la sociedad.<\/p>\n","protected":false},"excerpt":{"rendered":"<p>El Gobierno del Estado a trav\u00e9s del Consejo Estatal de Ciencia y Tecnolog\u00eda felicit\u00f3 a los j\u00f3venes colimenses que desarrollaron un proyecto cient\u00edfico-tecnol\u00f3gico con enfoque medio ambiental, quienes lograron llegar a la final virtual del Startup Europe Accelerathon Waste2Energy, evento de innovaci\u00f3n y emprendimiento, organizado por Fundaci\u00f3n Finnova. El objetivo de dicho concurso fue desarrollar&#8230;<\/p>\n","protected":false},"author":2,"featured_media":11436,"comment_status":"open","ping_status":"open","sticky":false,"template":"","format":"standard","meta":{"footnotes":""},"categories":[31],"tags":[29,30,28],"class_list":["post-11435","post","type-post","status-publish","format-standard","has-post-thumbnail","hentry","category-ciencia-y-tecnologia","tag-grid","tag-news","tag-slider"],"_links":{"self":[{"href":"http:\/\/elobservatorio.com.mx\/index.php?rest_route=\/wp\/v2\/posts\/11435"}],"collection":[{"href":"http:\/\/elobservatorio.com.mx\/index.php?rest_route=\/wp\/v2\/posts"}],"about":[{"href":"http:\/\/elobservatorio.com.mx\/index.php?rest_route=\/wp\/v2\/types\/post"}],"author":[{"embeddable":true,"href":"http:\/\/elobservatorio.com.mx\/index.php?rest_route=\/wp\/v2\/users\/2"}],"replies":[{"embeddable":true,"href":"http:\/\/elobservatorio.com.mx\/index.php?rest_route=%2Fwp%2Fv2%2Fcomments&post=11435"}],"version-history":[{"count":0,"href":"http:\/\/elobservatorio.com.mx\/index.php?rest_route=\/wp\/v2\/posts\/11435\/revisions"}],"wp:featuredmedia":[{"embeddable":true,"href":"http:\/\/elobservatorio.com.mx\/index.php?rest_route=\/wp\/v2\/media\/11436"}],"wp:attachment":[{"href":"http:\/\/elobservatorio.com.mx\/index.php?rest_route=%2Fwp%2Fv2%2Fmedia&parent=11435"}],"wp:term":[{"taxonomy":"category","embeddable":true,"href":"http:\/\/elobservatorio.com.mx\/index.php?rest_route=%2Fwp%2Fv2%2Fcategories&post=11435"},{"taxonomy":"post_tag","embeddable":true,"href":"http:\/\/elobservatorio.com.mx\/index.php?rest_route=%2Fwp%2Fv2%2Ftags&post=11435"}],"curies":[{"name":"wp","href":"https:\/\/api.w.org\/{rel}","templated":true}]}}