{"id":11441,"date":"2020-07-03T14:10:11","date_gmt":"2020-07-03T19:10:11","guid":{"rendered":"http:\/\/elobservatorio.com.mx\/?p=11441"},"modified":"2020-07-03T14:10:11","modified_gmt":"2020-07-03T19:10:11","slug":"entrega-udec-a-secretaria-de-turismo-estudio-para-recuperar-este-sector-tras-pandemia","status":"publish","type":"post","link":"http:\/\/elobservatorio.com.mx\/?p=11441","title":{"rendered":"Entrega UdeC a Secretar\u00eda de Turismo estudio para recuperar este sector tras pandemia"},"content":{"rendered":"<p><em>*\u201cHemos puesto a disposici\u00f3n de las autoridades toda nuestra capacidad y experiencia para trabajar juntos, con el fin de salir adelante\u201d: JEHN.<\/em><\/p>\n<p>Como parte de un convenio de colaboraci\u00f3n, la Universidad de Colima entreg\u00f3 esta semana a la Secretar\u00eda de Turismo en la entidad el estudio: \u201cEncuesta de intenciones de viaje en destinos emisores hacia Colima en la etapa posterior a la emergencia sanitaria por COVID-19\u201d, realizado por la Facultad de Turismo, que ser\u00e1 de gran ayuda para que tanto la secretar\u00eda como el empresariado del sector turismo tomen mejores decisiones que permitan una recuperaci\u00f3n m\u00e1s r\u00e1pida tras las afectaciones sufridas por la pandemia.<\/p>\n<p>Durante la presentaci\u00f3n y entrega del estudio, realizada por videoconferencia, el rector Jos\u00e9 Eduardo Hern\u00e1ndez Nava dijo que una de las actividades m\u00e1s afectadas por el distanciamiento social fue el turismo, \u201ccon la consecuente ca\u00edda de ingresos para numerosas familias colimenses\u201d, y que el estudio fue pensado para conocer cu\u00e1les ser\u00edan las demandas de servicios tur\u00edsticos en la entidad despu\u00e9s de la emergencia sanitaria.<\/p>\n<p>Reconoci\u00f3 a la secretaria de Turismo Mar\u00eda Luisa del Carmen \u00cd\u00f1iguez M\u00e9ndez por la confianza depositada en la UdeC para realizar esta investigaci\u00f3n, cuyos resultados se dividieron en dos elementos: un reporte descriptivo por segmento, regi\u00f3n y perfil socio demogr\u00e1fico y un reporte anal\u00edtico por segmento, regi\u00f3n y perfil sociodemogr\u00e1fico en formato digital. El trabajo fue realizado en coordinaci\u00f3n con la Secretar\u00eda de Turismo de Colima.<\/p>\n<p>El rector destac\u00f3 el trabajo hecho por profesores y alumnos de la Facultad de Turismo, en especial a la doctora Irma Maga\u00f1a Carrillo y el doctor Fernando S\u00e1nchez, este \u00faltimo director del plantel. Los universitarios, agreg\u00f3, \u201chemos puesto a disposici\u00f3n de las autoridades toda nuestra capacidad y experiencia para trabajar juntos, con el fin de salir adelante\u201d.<\/p>\n<p>Por \u00faltimo, se dijo convencido de que el estudio \u201cser\u00e1 de gran ayuda para planificar de mejor manera la etapa que viene, despu\u00e9s del desconfinamiento, y las acciones que habr\u00e1n de emprenderse para reactivar la industria tur\u00edstica en el estado\u201d.<\/p>\n<p>En su intervenci\u00f3n, Mar\u00eda Luisa \u00cd\u00f1iguez M\u00e9ndez agradeci\u00f3 a la UdeC en nombre del Gobierno del Estado, por esta participaci\u00f3n tan importante para el sector tur\u00edstico; \u201ces algo que nos vienen a fortalecer en la toma de buenas decisiones para un sector que se encuentra tan lastimado\u201d.<\/p>\n<p>Agreg\u00f3 que el estudio les ayudar\u00e1 no s\u00f3lo para la generaci\u00f3n de nuevas pol\u00edticas p\u00fablicas sino tambi\u00e9n para reactivar el sector tur\u00edstico. Inform\u00f3 que 38 mil 500 empleados directos se generan del turismo, y que el 10% de la poblaci\u00f3n econ\u00f3micamente activa del estado trabaja o se dedica al turismo; \u201c\u00e9ste es un dato importante porque con la encuesta vamos a poder generar promociones o hacer acciones espec\u00edficas en nuestros principales mercados para la mejor toma de decisiones y poder tener m\u00e1s turistas en nuestro destino\u201d.<\/p>\n<p>Consider\u00f3 una buena noticia la parte del estudio donde se documenta que Colima, aunque compite contra destinos de alto nivel como Puerto Vallarta o algunos de Nayarit, \u201ccuenta con un turismo de mucha lealtad que viene a visitarnos. El turista quiere playa y sol y eso lo tenemos nosotros; del mar a la monta\u00f1a podemos disfrutar opciones interesantes. Esto nos va a hacer mucho bien y vamos a seguir trabajando con la Universidad de Colima y con su Facultad de turismo\u201d.<\/p>\n<p>Por \u00faltimo, dijo que el sector turismo en la entidad \u201cestar\u00e1 agradecido de que podamos compartirle esta informaci\u00f3n\u201d.<\/p>\n<p>El estudio fue presentado por el profesor-investigador Carlos Amaya Molinar, quien coment\u00f3, entre otros muchos datos, que el trabajo demostr\u00f3 que Colima contin\u00faa siendo un destino tur\u00edstico regional con competencia muy robusta de destinos internacionales, cuenta con una clientela leal, con mucho apego y que entre los clientes leales se encuentran segmentos de poblaci\u00f3n con elevada capacidad de consumo.<\/p>\n<p>Explic\u00f3 c\u00f3mo la gente quiere seguir viajando y que despu\u00e9s de ca\u00eddas considerables en la actividad tur\u00edstica se presenta una recuperaci\u00f3n. Sugieren en el estudio que se fortalezca la competencia entre prestadores de servicios locales, ya que la competencia no es interna, sino contra destinos tur\u00edsticos de otros estados; \u201cpor eso es importante formular planes conjuntos de largo aliento que impulsen la competitividad del destino Colima\u201d.<\/p>\n<p>Lo que esperan los turistas, dijo, b\u00e1sicamente es que los hoteles y el sector turismo en general adopten rigurosas medidas de seguridad e higiene, incluso con certificaciones.<\/p>\n<p>En la videoconferencia tambi\u00e9n estuvieron conectados Carlos Eduardo Monroy, coordinador general de Docencia; Sergio Wong, delegado de Villa de \u00c1lvarez; Susana \u00a0Aurelia Preciado, directora general de Educaci\u00f3n Superior; Sergio Armando Aguirre, secretario t\u00e9cnico de la Secretar\u00eda de Turismo y coordinador operativo del estudio; El\u00edas Flores, Abogado General, as\u00ed como integrantes del Cuerpo Acad\u00e9mico 60 de la Facultad de Turismo.<\/p>\n<p>&nbsp;<\/p>\n","protected":false},"excerpt":{"rendered":"<p>*\u201cHemos puesto a disposici\u00f3n de las autoridades toda nuestra capacidad y experiencia para trabajar juntos, con el fin de salir adelante\u201d: JEHN. Como parte de un convenio de colaboraci\u00f3n, la Universidad de Colima entreg\u00f3 esta semana a la Secretar\u00eda de Turismo en la entidad el estudio: \u201cEncuesta de intenciones de viaje en destinos emisores hacia&#8230;<\/p>\n","protected":false},"author":2,"featured_media":11442,"comment_status":"open","ping_status":"open","sticky":false,"template":"","format":"standard","meta":{"footnotes":""},"categories":[14],"tags":[29,30,28],"class_list":["post-11441","post","type-post","status-publish","format-standard","has-post-thumbnail","hentry","category-educacion-y-cultura","tag-grid","tag-news","tag-slider"],"_links":{"self":[{"href":"http:\/\/elobservatorio.com.mx\/index.php?rest_route=\/wp\/v2\/posts\/11441"}],"collection":[{"href":"http:\/\/elobservatorio.com.mx\/index.php?rest_route=\/wp\/v2\/posts"}],"about":[{"href":"http:\/\/elobservatorio.com.mx\/index.php?rest_route=\/wp\/v2\/types\/post"}],"author":[{"embeddable":true,"href":"http:\/\/elobservatorio.com.mx\/index.php?rest_route=\/wp\/v2\/users\/2"}],"replies":[{"embeddable":true,"href":"http:\/\/elobservatorio.com.mx\/index.php?rest_route=%2Fwp%2Fv2%2Fcomments&post=11441"}],"version-history":[{"count":0,"href":"http:\/\/elobservatorio.com.mx\/index.php?rest_route=\/wp\/v2\/posts\/11441\/revisions"}],"wp:featuredmedia":[{"embeddable":true,"href":"http:\/\/elobservatorio.com.mx\/index.php?rest_route=\/wp\/v2\/media\/11442"}],"wp:attachment":[{"href":"http:\/\/elobservatorio.com.mx\/index.php?rest_route=%2Fwp%2Fv2%2Fmedia&parent=11441"}],"wp:term":[{"taxonomy":"category","embeddable":true,"href":"http:\/\/elobservatorio.com.mx\/index.php?rest_route=%2Fwp%2Fv2%2Fcategories&post=11441"},{"taxonomy":"post_tag","embeddable":true,"href":"http:\/\/elobservatorio.com.mx\/index.php?rest_route=%2Fwp%2Fv2%2Ftags&post=11441"}],"curies":[{"name":"wp","href":"https:\/\/api.w.org\/{rel}","templated":true}]}}