{"id":11444,"date":"2020-07-04T07:45:15","date_gmt":"2020-07-04T12:45:15","guid":{"rendered":"http:\/\/elobservatorio.com.mx\/?p=11444"},"modified":"2020-07-04T07:45:15","modified_gmt":"2020-07-04T12:45:15","slug":"proyecto-ciclovia-andador-coquimatlan-pueblo-juarez","status":"publish","type":"post","link":"http:\/\/elobservatorio.com.mx\/?p=11444","title":{"rendered":"Proyecto Ciclov\u00eda-Andador \u00abCoquimatl\u00e1n-Pueblo Ju\u00e1rez\u00bb"},"content":{"rendered":"<p class=\"x_MsoNormal\">A trav\u00e9s de las gestiones realizadas por el presidente municipal, Lupe Benavides, desde el inicio de esta administraci\u00f3n, el pr\u00f3ximo lunes iniciar\u00e1n los trabajos de construcci\u00f3n de la Ciclov\u00eda-Andador \u00abCoquimatl\u00e1n-Pueblo Ju\u00e1rez\u00bb.<\/p>\n<p class=\"x_MsoNormal\">Se invertir\u00e1n 21 millones 950 mil pesos para su construcci\u00f3n proveniente del fondo metropolitano.<\/p>\n<p class=\"x_MsoNormal\">La Ciclov\u00eda-Andador constar\u00e1 de 14 km de largo, la cinta asf\u00e1ltica ser\u00e1 de 2.20 metros de ancho y sus debidos se\u00f1alamientos viales. Conectando la cabecera municipal con la comunidad de Pueblo Ju\u00e1rez.<\/p>\n<p class=\"x_MsoNormal\">El Presidente Municipal agradeci\u00f3 al Gobernador del Estado, Jos\u00e9 Ignacio Peralta S\u00e1nchez, por su apoyo y respaldo a nuestro municipio para que lleguen obras de trascendencia como esta.<\/p>\n","protected":false},"excerpt":{"rendered":"<p>A trav\u00e9s de las gestiones realizadas por el presidente municipal, Lupe Benavides, desde el inicio de esta administraci\u00f3n, el pr\u00f3ximo lunes iniciar\u00e1n los trabajos de construcci\u00f3n de la Ciclov\u00eda-Andador \u00abCoquimatl\u00e1n-Pueblo Ju\u00e1rez\u00bb. Se invertir\u00e1n 21 millones 950 mil pesos para su construcci\u00f3n proveniente del fondo metropolitano. La Ciclov\u00eda-Andador constar\u00e1 de 14 km de largo, la cinta&#8230;<\/p>\n","protected":false},"author":2,"featured_media":11445,"comment_status":"open","ping_status":"open","sticky":false,"template":"","format":"standard","meta":{"footnotes":""},"categories":[41,8],"tags":[29,30,28],"class_list":["post-11444","post","type-post","status-publish","format-standard","has-post-thumbnail","hentry","category-coquimatlan","category-municipios","tag-grid","tag-news","tag-slider"],"_links":{"self":[{"href":"http:\/\/elobservatorio.com.mx\/index.php?rest_route=\/wp\/v2\/posts\/11444"}],"collection":[{"href":"http:\/\/elobservatorio.com.mx\/index.php?rest_route=\/wp\/v2\/posts"}],"about":[{"href":"http:\/\/elobservatorio.com.mx\/index.php?rest_route=\/wp\/v2\/types\/post"}],"author":[{"embeddable":true,"href":"http:\/\/elobservatorio.com.mx\/index.php?rest_route=\/wp\/v2\/users\/2"}],"replies":[{"embeddable":true,"href":"http:\/\/elobservatorio.com.mx\/index.php?rest_route=%2Fwp%2Fv2%2Fcomments&post=11444"}],"version-history":[{"count":0,"href":"http:\/\/elobservatorio.com.mx\/index.php?rest_route=\/wp\/v2\/posts\/11444\/revisions"}],"wp:featuredmedia":[{"embeddable":true,"href":"http:\/\/elobservatorio.com.mx\/index.php?rest_route=\/wp\/v2\/media\/11445"}],"wp:attachment":[{"href":"http:\/\/elobservatorio.com.mx\/index.php?rest_route=%2Fwp%2Fv2%2Fmedia&parent=11444"}],"wp:term":[{"taxonomy":"category","embeddable":true,"href":"http:\/\/elobservatorio.com.mx\/index.php?rest_route=%2Fwp%2Fv2%2Fcategories&post=11444"},{"taxonomy":"post_tag","embeddable":true,"href":"http:\/\/elobservatorio.com.mx\/index.php?rest_route=%2Fwp%2Fv2%2Ftags&post=11444"}],"curies":[{"name":"wp","href":"https:\/\/api.w.org\/{rel}","templated":true}]}}