{"id":11447,"date":"2020-07-04T11:37:40","date_gmt":"2020-07-04T16:37:40","guid":{"rendered":"http:\/\/elobservatorio.com.mx\/?p=11447"},"modified":"2020-07-04T11:39:32","modified_gmt":"2020-07-04T16:39:32","slug":"en-tecoman-quieren-a-oscar-avalos-como-gobernador-de-colima","status":"publish","type":"post","link":"http:\/\/elobservatorio.com.mx\/?p=11447","title":{"rendered":"En Tecom\u00e1n, quieren a Oscar Avalos como gobernador de Colima"},"content":{"rendered":"<p>Tecom\u00e1n Col.- Un grupo de personas del sector productivo de Tecom\u00e1n, se reuni\u00f3 la noche de este viernes en un rancho del municipio con el objetivo de analizar e impulsar un proyecto pol\u00edtico a la gubernatura del estado, respaldando el proyecto en la persona del tecomense Oscar Avalos Verdugo.<\/p>\n<p>Uno de los organizadores, Don Cruz Hern\u00e1ndez, de la comunidad de Cofrad\u00eda de Morelos, se\u00f1al\u00f3 que de todos los nombres que se han mencionado que aspiran ese cargo, nadie da la confianza ni cuenta con una trayectoria de trabajo pol\u00edtico y profesional destacable, como lo es Oscar Avalos.<\/p>\n<p>\u00abEs tecomense y como tecomenses es nuestra oportunidad de oro de apoyarlo para tengamos a un amigo en el gobierno estatal, que sea oriundo de Tecom\u00e1n, que lo conozcamos, que lo tratemos y\u00a0 tengamos la confianza de pedirle el apoyo cuando algo se requiera,\u00a0 tanto para las comunidades como para el municipio\u00bb.<\/p>\n<p>El tambi\u00e9n ejidatario de dicha comunidad mencion\u00f3 que Oscar Avalos como presidente municipal fue un excelente gestor e impulsor del desarrollo de Tecom\u00e1n, supo conducir el destino financiero, mantuvo relaci\u00f3n de respeto con el sindicato y la administraci\u00f3n para no descuidar los recursos financieros y cuidar peso por peso\u00bb.<\/p>\n<p>Por su parte de Cerro de Ortega, el contador Roberto Gonz\u00e1lez Carvajal, dijo que analizando todos los perfiles, es la oportunidad de apoyar a Oscar Avalos, a los tecomenses no nos conviene otro m\u00e1s, a parte de que no conocen el municipio, les da votos, ganan con los votos de los tecomenses pero a cambio no regresan nada.<\/p>\n<p>\u00abQueremos apoyarlo, por el partido que se vaya, no se trata de colores, se trata de lo mejor para el estado, aunque si sale por independiente mejor, por MORENA, por donde se vaya, Oscar es la mejor opci\u00f3n para los tecomenses y lo debemos de apoyar. Ya los tiempos est\u00e1n encima y es hora de ir haciendo una alianza con el pueblo para no dividir ni confundir m\u00e1s al electorado\u00bb.<\/p>\n<p>Finalmente coment\u00f3 que han apoyado a MORENA, a L\u00f3pez Obrador, pero para la gubernatura no ha pasado lo mismo,\u00a0 lamentablemente los que ha mencionado que aspiran en MORENA, no tienen contacto con la gente de Tecom\u00e1n, no pelan a Tecom\u00e1n, son totalmente desconocidos en el partido, aunque est\u00e9n en la pol\u00edtica, pero no se han acercado al pueblo y se teme que solo busquen llegar al poder, al gobierno del estado y sean m\u00e1s de lo mismo, de lo que ya se quiere evitar.<\/p>\n<p>\u00abEs el momento de impulsar a Oscar por donde se vaya, dif\u00edcilmente ir\u00e1 por el PRI y eso es una gran ventaja, esto le dar\u00e1 oportunidad a otras fuerzas pol\u00edticas de invitarlo a su proyecto para la gubernatura del estado, porque analicen bien, Oscar es el mejor de todos los perfiles que ya han levantado la mano\u00bb.<\/p>\n<p>Cabe se\u00f1alar que en dicha reuni\u00f3n estuvieron regidores, empresarios, productores, l\u00edderes de organizaciones y mujeres l\u00edderes en comunidades<\/p>\n","protected":false},"excerpt":{"rendered":"<p>Tecom\u00e1n Col.- Un grupo de personas del sector productivo de Tecom\u00e1n, se reuni\u00f3 la noche de este viernes en un rancho del municipio con el objetivo de analizar e impulsar un proyecto pol\u00edtico a la gubernatura del estado, respaldando el proyecto en la persona del tecomense Oscar Avalos Verdugo. Uno de los organizadores, Don Cruz&#8230;<\/p>\n","protected":false},"author":2,"featured_media":11448,"comment_status":"open","ping_status":"open","sticky":false,"template":"","format":"standard","meta":{"footnotes":""},"categories":[10],"tags":[29,30,28],"class_list":["post-11447","post","type-post","status-publish","format-standard","has-post-thumbnail","hentry","category-politica","tag-grid","tag-news","tag-slider"],"_links":{"self":[{"href":"http:\/\/elobservatorio.com.mx\/index.php?rest_route=\/wp\/v2\/posts\/11447"}],"collection":[{"href":"http:\/\/elobservatorio.com.mx\/index.php?rest_route=\/wp\/v2\/posts"}],"about":[{"href":"http:\/\/elobservatorio.com.mx\/index.php?rest_route=\/wp\/v2\/types\/post"}],"author":[{"embeddable":true,"href":"http:\/\/elobservatorio.com.mx\/index.php?rest_route=\/wp\/v2\/users\/2"}],"replies":[{"embeddable":true,"href":"http:\/\/elobservatorio.com.mx\/index.php?rest_route=%2Fwp%2Fv2%2Fcomments&post=11447"}],"version-history":[{"count":0,"href":"http:\/\/elobservatorio.com.mx\/index.php?rest_route=\/wp\/v2\/posts\/11447\/revisions"}],"wp:featuredmedia":[{"embeddable":true,"href":"http:\/\/elobservatorio.com.mx\/index.php?rest_route=\/wp\/v2\/media\/11448"}],"wp:attachment":[{"href":"http:\/\/elobservatorio.com.mx\/index.php?rest_route=%2Fwp%2Fv2%2Fmedia&parent=11447"}],"wp:term":[{"taxonomy":"category","embeddable":true,"href":"http:\/\/elobservatorio.com.mx\/index.php?rest_route=%2Fwp%2Fv2%2Fcategories&post=11447"},{"taxonomy":"post_tag","embeddable":true,"href":"http:\/\/elobservatorio.com.mx\/index.php?rest_route=%2Fwp%2Fv2%2Ftags&post=11447"}],"curies":[{"name":"wp","href":"https:\/\/api.w.org\/{rel}","templated":true}]}}