{"id":11524,"date":"2020-07-10T16:55:44","date_gmt":"2020-07-10T21:55:44","guid":{"rendered":"http:\/\/elobservatorio.com.mx\/?p=11524"},"modified":"2020-07-10T16:55:44","modified_gmt":"2020-07-10T21:55:44","slug":"el-doble-filo-de-las-posturas-de-morena-colima","status":"publish","type":"post","link":"http:\/\/elobservatorio.com.mx\/?p=11524","title":{"rendered":"El doble filo de las posturas de Morena-Colima"},"content":{"rendered":"<p><span style=\"color: #201f1e; font-family: Garamond, serif;\">PARACA\u00cdDAS<\/span><\/p>\n<p><span style=\"color: #201f1e; font-family: Garamond, serif;\"><b>Rogelio Guedea<\/b><\/span><\/p>\n<p><span lang=\"ES-TRAD\">La que sucedi\u00f3 en la pasada lucha de aprobaci\u00f3n o no aprobaci\u00f3n del cr\u00e9dito por m\u00e1s de 700 millones solicitado por el gobierno de Estado ha demostrado claramente el fracaso del liderazgo con el que empez\u00f3 Morena a gobernar en el Congreso, cuyo responsable directo lo fue el diputado Vladimir Parra Barrag\u00e1n, quien ha demostrado carencia total de madurez y oficio pol\u00edtico. <\/span><\/p>\n<p><span lang=\"ES-TRAD\">Poco a poco, su af\u00e1n protag\u00f3nico y su ambici\u00f3n personal fueron replegando al grupo morenista hasta convertirse en apenas una trinchera de cinco o seis diputados, los mismos que ahora hemos visto patalear en contra de la aprobaci\u00f3n del cr\u00e9dito, el cual tuvo a su favor a una mayor\u00eda de diputados, ni m\u00e1s ni menos que quince. Se le quiera aceptar o no, y se anteponga cualquier pretexto, el liderazgo de Parra Barrag\u00e1n en el Congreso ha sido pernicioso y destructivo para esta fracci\u00f3n de legisladores y, en lo general, para todo Morena, pues inexperto legislador ha tenido \u00e9xito en dividir en lugar de congregar, de violentar en lugar de pacificar, de controvertir en lugar de llegar a reales acuerdos y compromisos en favor de la ciudadan\u00eda. M\u00e1s all\u00e1 de los rumores y de las noticias que han ligado a este legislador con el crimen organizado (asunto que yo no toco por no tener sustento para emitir un juicio objetivo), lo real y palpable es que la Morena fuerte y mayoritaria que empez\u00f3 esta legislatura local fue dilapidada por completo y hasta desacreditada\u00a0\u00a0y uno de los responsables de ello es el propio diputado Vladimir Parra, lo que qued\u00f3 demostrado en la pasada lucha por la aprobaci\u00f3n del cr\u00e9dito, que el peque\u00f1o pu\u00f1ado de legisladores morenistas perdieron. <\/span><\/p>\n<p><span lang=\"ES-TRAD\">Si Vladimir Parra hubiera hecho un trabajo maduro y de gran oficio pol\u00edtico, un tejido fino que urdiera la columna vertebral de la legislatura, no hubiera habido ninguna necesidad de patalear frente a la polic\u00eda ni de representar ese vergonzoso circo el d\u00eda de la sesi\u00f3n ordinaria donde se aprob\u00f3 el cr\u00e9dito. Pero no lo hizo as\u00ed, sino todo lo contrario. Ahora lo delicado es que, por culpa del mal trabajo del legislador Parra Barrag\u00e1n y de su peque\u00f1o grupo de diputados aliados y los porros que lo acompa\u00f1an, han tenido que entrarle al quite del cr\u00e9dito otros morenistas, como la propia senadora Gricelda Valencia de la Mora o las diputadas Rosi Bayardo y Claudia Y\u00e1\u00f1ez Centeno, quienes, sin ninguna necesidad, est\u00e1n caminando por el doble filo de la navaja, pues si bien por un lado est\u00e1n oponi\u00e9ndose a la adquisici\u00f3n del cr\u00e9dito, por otro est\u00e1n haci\u00e9ndole el caldo gordo al diputado Parra Barrag\u00e1n, ponderando en \u00e9l como bueno y plausible su p\u00e9simo actuar legislativo. <\/span><span lang=\"ES-TRAD\">Quien se ha sostenido en una postura firme con respecto al actuar de Parra Barrag\u00e1n ha sido el presidente estatal de Morena, Sergio Jim\u00e9nez Bojado, quien acus\u00f3 debidamente falta de oficio pol\u00edtico en el mencionado legislador. <\/span><\/p>\n<p><span lang=\"ES-TRAD\">Hay, pues, s\u00ed, que de alguna forma amonestar a los legisladores morenistas que pudieron haberse salido de la l\u00ednea del partido en cuanto al tema del cr\u00e9dito (como fue el caso de Julio Anguiano o Memo Toscano, hoy ya diputado independiente ya), pero tambi\u00e9n habr\u00eda que hacer algo en contra del diputado Parra Barrag\u00e1n, que no menos ha manchado los ideales de Morena en nuestra entidad, con consecuencias que en las pr\u00f3ximas elecciones resultar\u00e1n lamentables tanto para el proyecto morenista en la localidad como para todos sus simpatizantes.<\/span><\/p>\n","protected":false},"excerpt":{"rendered":"<p>PARACA\u00cdDAS Rogelio Guedea La que sucedi\u00f3 en la pasada lucha de aprobaci\u00f3n o no aprobaci\u00f3n del cr\u00e9dito por m\u00e1s de 700 millones solicitado por el gobierno de Estado ha demostrado claramente el fracaso del liderazgo con el que empez\u00f3 Morena a gobernar en el Congreso, cuyo responsable directo lo fue el diputado Vladimir Parra Barrag\u00e1n,&#8230;<\/p>\n","protected":false},"author":2,"featured_media":1053,"comment_status":"open","ping_status":"open","sticky":false,"template":"","format":"standard","meta":{"footnotes":""},"categories":[11],"tags":[29,30,28],"class_list":["post-11524","post","type-post","status-publish","format-standard","has-post-thumbnail","hentry","category-opinion","tag-grid","tag-news","tag-slider"],"_links":{"self":[{"href":"http:\/\/elobservatorio.com.mx\/index.php?rest_route=\/wp\/v2\/posts\/11524"}],"collection":[{"href":"http:\/\/elobservatorio.com.mx\/index.php?rest_route=\/wp\/v2\/posts"}],"about":[{"href":"http:\/\/elobservatorio.com.mx\/index.php?rest_route=\/wp\/v2\/types\/post"}],"author":[{"embeddable":true,"href":"http:\/\/elobservatorio.com.mx\/index.php?rest_route=\/wp\/v2\/users\/2"}],"replies":[{"embeddable":true,"href":"http:\/\/elobservatorio.com.mx\/index.php?rest_route=%2Fwp%2Fv2%2Fcomments&post=11524"}],"version-history":[{"count":0,"href":"http:\/\/elobservatorio.com.mx\/index.php?rest_route=\/wp\/v2\/posts\/11524\/revisions"}],"wp:featuredmedia":[{"embeddable":true,"href":"http:\/\/elobservatorio.com.mx\/index.php?rest_route=\/wp\/v2\/media\/1053"}],"wp:attachment":[{"href":"http:\/\/elobservatorio.com.mx\/index.php?rest_route=%2Fwp%2Fv2%2Fmedia&parent=11524"}],"wp:term":[{"taxonomy":"category","embeddable":true,"href":"http:\/\/elobservatorio.com.mx\/index.php?rest_route=%2Fwp%2Fv2%2Fcategories&post=11524"},{"taxonomy":"post_tag","embeddable":true,"href":"http:\/\/elobservatorio.com.mx\/index.php?rest_route=%2Fwp%2Fv2%2Ftags&post=11524"}],"curies":[{"name":"wp","href":"https:\/\/api.w.org\/{rel}","templated":true}]}}