{"id":11526,"date":"2020-07-10T17:12:53","date_gmt":"2020-07-10T22:12:53","guid":{"rendered":"http:\/\/elobservatorio.com.mx\/?p=11526"},"modified":"2020-07-10T17:12:53","modified_gmt":"2020-07-10T22:12:53","slug":"cesar-duarte-pretendio-salir-bajo-fianza-se-la-negaron","status":"publish","type":"post","link":"http:\/\/elobservatorio.com.mx\/?p=11526","title":{"rendered":"C\u00e9sar Duarte pretendi\u00f3 salir bajo fianza, se la negaron"},"content":{"rendered":"<p><em>*La jueza aleg\u00f3 que se trata de caso internacional, por lo que no se le otorg\u00f3 el beneficio<\/em><\/p>\n<p>Una jueza federal de la Corte de Florida neg\u00f3 al exgobernador de Chihuahua, C\u00e9sar Duarte, el beneficio de llevar en libertad su juicio luego de que fuera detenido el pasado 08 de julio en Miami.<\/p>\n<p>El expriista es requerido por el Gobierno de M\u00e9xico, en donde se le acusa por el desv\u00edo de m\u00e1s de 96 millones de pesos del erario p\u00fablico que habr\u00edan sido destinados a campa\u00f1as electorales del partido en donde militaba.<\/p>\n<p>Su audiencia, prevista para este viernes, fue pospuesta para el 23, 24 o 27 julio. La jueza le neg\u00f3 la fianza bajo el argumento de que se trata de un asunto internacional.<\/p>\n<p>En las im\u00e1genes de la videoaudiencia, se pudo ver a Duarte con el uniforme color beige e iba esposado. El exmandatario contaba con una traductora.<\/p>\n<p>Duarte, de 57 a\u00f1os, era buscado por la Interpol desde hace tiempo bajo cargos de desviar dinero del erario p\u00fablico.<\/p>\n<p>(Con informaci\u00f3n de El Universal). AT<\/p>\n<p>&nbsp;<\/p>\n","protected":false},"excerpt":{"rendered":"<p>*La jueza aleg\u00f3 que se trata de caso internacional, por lo que no se le otorg\u00f3 el beneficio Una jueza federal de la Corte de Florida neg\u00f3 al exgobernador de Chihuahua, C\u00e9sar Duarte, el beneficio de llevar en libertad su juicio luego de que fuera detenido el pasado 08 de julio en Miami. El expriista&#8230;<\/p>\n","protected":false},"author":2,"featured_media":11527,"comment_status":"open","ping_status":"open","sticky":false,"template":"","format":"standard","meta":{"footnotes":""},"categories":[13],"tags":[29,30,28],"class_list":["post-11526","post","type-post","status-publish","format-standard","has-post-thumbnail","hentry","category-nacion-y-mundo","tag-grid","tag-news","tag-slider"],"_links":{"self":[{"href":"http:\/\/elobservatorio.com.mx\/index.php?rest_route=\/wp\/v2\/posts\/11526"}],"collection":[{"href":"http:\/\/elobservatorio.com.mx\/index.php?rest_route=\/wp\/v2\/posts"}],"about":[{"href":"http:\/\/elobservatorio.com.mx\/index.php?rest_route=\/wp\/v2\/types\/post"}],"author":[{"embeddable":true,"href":"http:\/\/elobservatorio.com.mx\/index.php?rest_route=\/wp\/v2\/users\/2"}],"replies":[{"embeddable":true,"href":"http:\/\/elobservatorio.com.mx\/index.php?rest_route=%2Fwp%2Fv2%2Fcomments&post=11526"}],"version-history":[{"count":0,"href":"http:\/\/elobservatorio.com.mx\/index.php?rest_route=\/wp\/v2\/posts\/11526\/revisions"}],"wp:featuredmedia":[{"embeddable":true,"href":"http:\/\/elobservatorio.com.mx\/index.php?rest_route=\/wp\/v2\/media\/11527"}],"wp:attachment":[{"href":"http:\/\/elobservatorio.com.mx\/index.php?rest_route=%2Fwp%2Fv2%2Fmedia&parent=11526"}],"wp:term":[{"taxonomy":"category","embeddable":true,"href":"http:\/\/elobservatorio.com.mx\/index.php?rest_route=%2Fwp%2Fv2%2Fcategories&post=11526"},{"taxonomy":"post_tag","embeddable":true,"href":"http:\/\/elobservatorio.com.mx\/index.php?rest_route=%2Fwp%2Fv2%2Ftags&post=11526"}],"curies":[{"name":"wp","href":"https:\/\/api.w.org\/{rel}","templated":true}]}}