{"id":11530,"date":"2020-07-14T12:55:45","date_gmt":"2020-07-14T17:55:45","guid":{"rendered":"http:\/\/elobservatorio.com.mx\/?p=11530"},"modified":"2020-07-14T12:55:45","modified_gmt":"2020-07-14T17:55:45","slug":"complacencia-directa","status":"publish","type":"post","link":"http:\/\/elobservatorio.com.mx\/?p=11530","title":{"rendered":"\u00a0COMPLACENCIA  DIRECTA"},"content":{"rendered":"<div dir=\"auto\"><strong>*VIVENCIAS<\/strong><\/div>\n<div dir=\"auto\"><\/div>\n<div dir=\"auto\"><strong>Por:Carlos Alberto Olvera S\u00e1nchez *\u00a0 \u00a0 <\/strong><\/div>\n<div dir=\"auto\"><\/div>\n<div dir=\"auto\">\u00a0Quince largos d\u00edas debieron transcurrir, par a volver a realizar lo que nos gusta, escribir. Las ocupaciones, preocupaciones- por la pandemia covid 19 y las econ\u00f3micas, que nunca faltan- que no es justificaci\u00f3n\u00a0 para no arrastrar el l\u00e1piz, lo bueno que la vida contin\u00faa.\u00a0 \u00a0Ante tanto ruido pol\u00edtico por la aprobaci\u00f3n\u00a0 de un cr\u00e9dito\u00a0 para el gobierno del Estado, que s\u00ed,\u00a0 es bien empleado o no, cargar\u00e1n cada uno de los involucrados en su conciencia, como pueblo solo nos queda exigir a esos, que elegimos como \u00abRepresentantes\u00a0 Populares\u00bb que hagan su funci\u00f3n\u00a0 para lo cual\u00a0 fueron electos.<\/div>\n<div dir=\"auto\"><\/div>\n<div dir=\"auto\">Como un da\u00f1o colateral a la aprobaci\u00f3n\u00a0 de dicho endeudamiento a los Colimenses, empez\u00f3 a circular en redes, el nombramiento y otorgaci\u00f3n\u00a0 de una notar\u00eda al diputado local Rogelio Rueda, lo cu\u00e1l es parcialmente cierto, dado que el chatillo Rueda, se le otorg\u00f3 una patente de aspirante a notario p\u00fablico.\u00a0 Tal como consta en el peri\u00f3dico\u00a0 oficial del Estado de Colima, con fecha 11 de Julio del a\u00f1o en curso.\u00a0 Dicha informaci\u00f3n\u00a0 caus\u00f3 revuelo, enojo, rabia e ira, lo cu\u00e1l\u00a0 oblig\u00f3 a uno de mis selectos lectores, a mandarme v\u00eda WhatsApp Sap , el siguiente Texto\u00bb Que poca m&#8230;no tienen verg\u00fcenza y m\u00e1s el gobernador, Charly un art\u00edculo sobre esto, alertando al presidente del notariado nacional que se le niegue dicha patente de notario a este\u00a0 corrupto por excelencia\u00bb&#8230;\u00a0 \u00a0otro lector, me manda lo siguiente\u00a0 \u00abCharly, ahora que rogelio les maiceo a los diputados de oposici\u00f3n para que le autorizaran el cr\u00e9dito y robo al pueblo de colima, le regresa el favor este c\u00ednico desgobernador y se tapan sus complicidades, porque que no s\u00e9 sabr\u00e1n uno del otro, te pido como tu sabes hacerlo, duro, tupido y directo a la cabeza de estos desfalcadores y roedores, saludos buenas noches que descanses\u00bb.<\/div>\n<div dir=\"auto\"><\/div>\n<div dir=\"auto\">El descontento es evidente.\u00a0 Dudo que Rueda, conozca a la perfecci\u00f3n\u00a0 el funcionamiento\u00a0 de una notar\u00eda,\u00a0 dado que todo el tiempo ha vivido de los dem\u00e1s- aclaro,\u00a0 no es par\u00e1sito- es pol\u00edtico, estilo Tarz\u00e1n se cuelga de una liana, o bejuco para agarrar otro, de esos vividores del erario p\u00fablico, senador , Presidente Municipal de Manzanillo, Diputado Local, para variar priista.\u00a0 En pol\u00edtica hay una m\u00e1xima \u00abLa forma es fondo\u00bb no caben las coincidencias,\u00a0 curiosamente despu\u00e9s\u00a0 de la aprobaci\u00f3n\u00a0 de dicho cr\u00e9dito,\u00a0 sale \u00abid\u00f3neo \u00bb para ocupar una notar\u00eda,\u00a0 \u00a1 favor con favor se paga ! \u00bf o no?.\u00a0 Vendido y venido\u00a0 a menos en su decadente trayectoria, busca el manto protector de jips, para subsistir, sin problema alguno, en una notar\u00eda,\u00a0 que le dar\u00e1 para vivir desahogadamente sin preocupaci\u00f3n alguna \u00e9l\u00a0 y los suyos.<\/div>\n<div dir=\"auto\"><\/div>\n<div dir=\"auto\">Ejemplos como este de injusticia y desigualdad social pululan, en nuestra nefasta clase pol\u00edtica, solo es cuesti\u00f3n de tiempo, &#8211; no, nos extra\u00f1e- ver pr\u00f3ximamente\u00a0 al legislador local, como notario titular, \u00bf qui\u00e9n dice, que no se puede? Toca a los Representantes de la 4 T, manifestarse al respecto\u00a0 y tomar las acciones legaloides, s\u00ed\u00a0 cabe recurso alguno, ante asignaci\u00f3n indebida. Con esta entrega hacemos complacencia directa, a mis amigos y lectores que me pidieron escribiera al respecto, mientras no dejen de pedirme, columnas period\u00edsticas,\u00a0 yo seguir\u00e9 escribiendo&#8230; Record\u00e1ndoles\u00a0 a mis selectos lectores, puedo decir, que no soy \u00bb ni chairo ni fif\u00ed, me canso ganso&#8230;<\/div>\n<div dir=\"auto\"><\/div>\n<div dir=\"auto\">A MANERA DE COMENTARIO *** Se activ\u00f3 la alerta amber, no se localiza\u00a0 por ning\u00fan\u00a0 medio al dirigente, de la secci\u00f3n 6 del snte, Jos\u00e9\u00a0 Jaime Nu\u00f1ez, ni por tel\u00e9fono , redes sociales, ni en la secci\u00f3n, ni en la antigua normalidad, ni en la nueva normalidad, los trabajadores de la educaci\u00f3n\u00a0 agradeceremos informaci\u00f3n al respecto, si lo ven, en lo personal quien esto escribe, se los reconocer\u00e1, este tema dar\u00e1 para m\u00e1s,\u00a0 primera llamada.\u00a0 \u00a0 \u00a0**** A la diputada plurinominal, por Morena, Blanca Livier Rodriguez Osorio, cuando no le llueve le llovizna, los Trabajadores sindicalizados\u00a0 de IMSS, le piden se abstenga de meterse en la vida pol\u00edtica de dicha organizaci\u00f3n\u00a0 sindical, que se dedique a legislar en lugar de grillar, no olvidemos que en dicho gremio est\u00e1 por darse el relevo de l\u00edder sindical.<\/div>\n<div dir=\"auto\"><em>\u00a0*Vocero del Frente Magisterial Independiente<\/em><\/div>\n","protected":false},"excerpt":{"rendered":"<p>*VIVENCIAS Por:Carlos Alberto Olvera S\u00e1nchez *\u00a0 \u00a0 \u00a0Quince largos d\u00edas debieron transcurrir, par a volver a realizar lo que nos gusta, escribir. Las ocupaciones, preocupaciones- por la pandemia covid 19 y las econ\u00f3micas, que nunca faltan- que no es justificaci\u00f3n\u00a0 para no arrastrar el l\u00e1piz, lo bueno que la vida contin\u00faa.\u00a0 \u00a0Ante tanto ruido pol\u00edtico&#8230;<\/p>\n","protected":false},"author":2,"featured_media":11152,"comment_status":"open","ping_status":"open","sticky":false,"template":"","format":"standard","meta":{"footnotes":""},"categories":[11],"tags":[29,30,28],"class_list":["post-11530","post","type-post","status-publish","format-standard","has-post-thumbnail","hentry","category-opinion","tag-grid","tag-news","tag-slider"],"_links":{"self":[{"href":"http:\/\/elobservatorio.com.mx\/index.php?rest_route=\/wp\/v2\/posts\/11530"}],"collection":[{"href":"http:\/\/elobservatorio.com.mx\/index.php?rest_route=\/wp\/v2\/posts"}],"about":[{"href":"http:\/\/elobservatorio.com.mx\/index.php?rest_route=\/wp\/v2\/types\/post"}],"author":[{"embeddable":true,"href":"http:\/\/elobservatorio.com.mx\/index.php?rest_route=\/wp\/v2\/users\/2"}],"replies":[{"embeddable":true,"href":"http:\/\/elobservatorio.com.mx\/index.php?rest_route=%2Fwp%2Fv2%2Fcomments&post=11530"}],"version-history":[{"count":0,"href":"http:\/\/elobservatorio.com.mx\/index.php?rest_route=\/wp\/v2\/posts\/11530\/revisions"}],"wp:featuredmedia":[{"embeddable":true,"href":"http:\/\/elobservatorio.com.mx\/index.php?rest_route=\/wp\/v2\/media\/11152"}],"wp:attachment":[{"href":"http:\/\/elobservatorio.com.mx\/index.php?rest_route=%2Fwp%2Fv2%2Fmedia&parent=11530"}],"wp:term":[{"taxonomy":"category","embeddable":true,"href":"http:\/\/elobservatorio.com.mx\/index.php?rest_route=%2Fwp%2Fv2%2Fcategories&post=11530"},{"taxonomy":"post_tag","embeddable":true,"href":"http:\/\/elobservatorio.com.mx\/index.php?rest_route=%2Fwp%2Fv2%2Ftags&post=11530"}],"curies":[{"name":"wp","href":"https:\/\/api.w.org\/{rel}","templated":true}]}}