{"id":11535,"date":"2020-07-14T13:50:03","date_gmt":"2020-07-14T18:50:03","guid":{"rendered":"http:\/\/elobservatorio.com.mx\/?p=11535"},"modified":"2020-07-14T13:50:03","modified_gmt":"2020-07-14T18:50:03","slug":"espacios-deportivos-de-gobierno-del-estado-continuaran-cerrados-por-contingencia-sanitaria","status":"publish","type":"post","link":"http:\/\/elobservatorio.com.mx\/?p=11535","title":{"rendered":"Espacios Deportivos de Gobierno del Estado, continuar\u00e1n cerrados por contingencia sanitaria"},"content":{"rendered":"<p class=\"x_MsoNormal\"><em>*El Parque La Campana estar\u00e1 tambi\u00e9n cerrado, esto debido a que las fuertes lluvias del fin de semana, ocasionaron algunos da\u00f1os en la instalaci\u00f3n<\/em><\/p>\n<p class=\"x_MsoNormal\">Los Espacios Deportivos de Gobierno del Estado continuar\u00e1n cerrados por la contingencia sanitaria de Covid19, as\u00ed lo dio a conocer la directora general del Instituto Colimense del Deporte, Ciria Salazar.<\/p>\n<p class=\"x_MsoNormal\">Subray\u00f3, que por instrucciones de la Secretar\u00eda de Salud a trav\u00e9s de la Comisi\u00f3n Estatal para la Protecci\u00f3n contra Riesgos Sanitarios (Coespris), se deben respetar las medidas de sanidad que marca el Acuerdo del Plan de Reaperturas Graduales a trav\u00e9s del Sistema de Sem\u00e1foro Epidemiol\u00f3gico.<\/p>\n<p class=\"x_MsoNormal\">De igual manera, la titular del Incode, destac\u00f3 que el equipo de mantenimiento de la instituci\u00f3n ha continuado realizando las labores de limpieza en los recintos deportivos de la Unidad Deportiva Morelos, la Unidad Deportiva Sur, la Unidad Gustavo Alberto V\u00e1zquez Montes, el Complejo Galv\u00e1n y el Estadio Colima.<\/p>\n<p class=\"x_MsoNormal\">Finalmente, la funcionaria estatal dio a conocer que el Parque La Campana, el cual se hab\u00eda reaperturado hace 15 d\u00edas, estar\u00e1 cerrado este lunes, debido a que las fuertes lluvias del fin de semana, ocasionaron algunos da\u00f1os en la instalaci\u00f3n, por lo que se le hizo limpieza al recinto; este martes se abrir\u00e1 de nuevo al p\u00fablico continuando con el protocolo de las medidas de salud y prevenci\u00f3n.<\/p>\n","protected":false},"excerpt":{"rendered":"<p>*El Parque La Campana estar\u00e1 tambi\u00e9n cerrado, esto debido a que las fuertes lluvias del fin de semana, ocasionaron algunos da\u00f1os en la instalaci\u00f3n Los Espacios Deportivos de Gobierno del Estado continuar\u00e1n cerrados por la contingencia sanitaria de Covid19, as\u00ed lo dio a conocer la directora general del Instituto Colimense del Deporte, Ciria Salazar. Subray\u00f3,&#8230;<\/p>\n","protected":false},"author":2,"featured_media":11536,"comment_status":"open","ping_status":"open","sticky":false,"template":"","format":"standard","meta":{"footnotes":""},"categories":[21],"tags":[29,30,28],"class_list":["post-11535","post","type-post","status-publish","format-standard","has-post-thumbnail","hentry","category-deportes","tag-grid","tag-news","tag-slider"],"_links":{"self":[{"href":"http:\/\/elobservatorio.com.mx\/index.php?rest_route=\/wp\/v2\/posts\/11535"}],"collection":[{"href":"http:\/\/elobservatorio.com.mx\/index.php?rest_route=\/wp\/v2\/posts"}],"about":[{"href":"http:\/\/elobservatorio.com.mx\/index.php?rest_route=\/wp\/v2\/types\/post"}],"author":[{"embeddable":true,"href":"http:\/\/elobservatorio.com.mx\/index.php?rest_route=\/wp\/v2\/users\/2"}],"replies":[{"embeddable":true,"href":"http:\/\/elobservatorio.com.mx\/index.php?rest_route=%2Fwp%2Fv2%2Fcomments&post=11535"}],"version-history":[{"count":0,"href":"http:\/\/elobservatorio.com.mx\/index.php?rest_route=\/wp\/v2\/posts\/11535\/revisions"}],"wp:featuredmedia":[{"embeddable":true,"href":"http:\/\/elobservatorio.com.mx\/index.php?rest_route=\/wp\/v2\/media\/11536"}],"wp:attachment":[{"href":"http:\/\/elobservatorio.com.mx\/index.php?rest_route=%2Fwp%2Fv2%2Fmedia&parent=11535"}],"wp:term":[{"taxonomy":"category","embeddable":true,"href":"http:\/\/elobservatorio.com.mx\/index.php?rest_route=%2Fwp%2Fv2%2Fcategories&post=11535"},{"taxonomy":"post_tag","embeddable":true,"href":"http:\/\/elobservatorio.com.mx\/index.php?rest_route=%2Fwp%2Fv2%2Ftags&post=11535"}],"curies":[{"name":"wp","href":"https:\/\/api.w.org\/{rel}","templated":true}]}}