{"id":11649,"date":"2020-07-28T18:43:46","date_gmt":"2020-07-28T23:43:46","guid":{"rendered":"http:\/\/elobservatorio.com.mx\/?p=11649"},"modified":"2020-07-28T18:44:13","modified_gmt":"2020-07-28T23:44:13","slug":"policias-deben-poner-el-ejemplo-arrestan-a-quienes-no-usen-cubrebocas","status":"publish","type":"post","link":"http:\/\/elobservatorio.com.mx\/?p=11649","title":{"rendered":"Polic\u00edas deben poner el ejemplo; arrestan a quienes no usen cubrebocas"},"content":{"rendered":"<p>Como parte de las actividades que se est\u00e1n realizando de manera constante en la Direcci\u00f3n General de Seguridad P\u00fablica y Polic\u00eda Vial (DGSPyPV), con la intenci\u00f3n de atender los protocolos sanitarios y disminuir la posibilidad de contagios por Covid-19, se han estado implementando acciones de desinfecci\u00f3n y sanitizaci\u00f3n de todo el edificio, casetas y patrullas.<\/p>\n<p>As\u00ed lo inform\u00f3, el encargado del despacho, Jos\u00e9 Guadalupe Medina Anguiano, quien abund\u00f3 que de manera puntual se le ha entregado al personal, cubrebocas y tienen a disposici\u00f3n para su aseo constante, jab\u00f3n en polvo y de barra en el edificio, gel en la entrada de la comisar\u00eda y en cada una de las oficinas as\u00ed como en las patrullas.<br \/>\nMedina Anguiano confirm\u00f3, la afectaci\u00f3n de un elemento por Covid-19, mismo que est\u00e1 con incapacidad m\u00e9dica y su situaci\u00f3n es delicada de salud, pero estable hasta el momento, y adem\u00e1s han sido tres sospechosos de los cuales dos salieron negativos y ya se incorporaron a laborar y uno est\u00e1 en espera de resultados en su casa.<\/p>\n<p>Asimismo el encargado del despacho de la DGSPYPV abund\u00f3 que se han tenido que aplicar correctivos disciplinarios a algunos elementos que no est\u00e1n acatando las indicaciones de traer de manera obligatoria el cubrebocas \u201cestamos hablando de arrestos que aunque no son por tiempos prolongados, si lo hacemos con la finalidad de que sean ellos los que pongan el ejemplo de la importancia de portarlos\u201d.<\/p>\n<p>Finalmente, Medina Anguiano coment\u00f3, que la instrucci\u00f3n a todo el personal, es que deben usar el equipo de protecci\u00f3n para revisar, detener personas o infraccionar, como son guantes, cubrebocas, gel antibacterial y equipo sanitizante.<\/p>\n","protected":false},"excerpt":{"rendered":"<p>Como parte de las actividades que se est\u00e1n realizando de manera constante en la Direcci\u00f3n General de Seguridad P\u00fablica y Polic\u00eda Vial (DGSPyPV), con la intenci\u00f3n de atender los protocolos sanitarios y disminuir la posibilidad de contagios por Covid-19, se han estado implementando acciones de desinfecci\u00f3n y sanitizaci\u00f3n de todo el edificio, casetas y patrullas&#8230;.<\/p>\n","protected":false},"author":2,"featured_media":11650,"comment_status":"open","ping_status":"open","sticky":false,"template":"","format":"standard","meta":{"footnotes":""},"categories":[8,34],"tags":[29,30,28],"class_list":["post-11649","post","type-post","status-publish","format-standard","has-post-thumbnail","hentry","category-municipios","category-tecoman","tag-grid","tag-news","tag-slider"],"_links":{"self":[{"href":"http:\/\/elobservatorio.com.mx\/index.php?rest_route=\/wp\/v2\/posts\/11649"}],"collection":[{"href":"http:\/\/elobservatorio.com.mx\/index.php?rest_route=\/wp\/v2\/posts"}],"about":[{"href":"http:\/\/elobservatorio.com.mx\/index.php?rest_route=\/wp\/v2\/types\/post"}],"author":[{"embeddable":true,"href":"http:\/\/elobservatorio.com.mx\/index.php?rest_route=\/wp\/v2\/users\/2"}],"replies":[{"embeddable":true,"href":"http:\/\/elobservatorio.com.mx\/index.php?rest_route=%2Fwp%2Fv2%2Fcomments&post=11649"}],"version-history":[{"count":0,"href":"http:\/\/elobservatorio.com.mx\/index.php?rest_route=\/wp\/v2\/posts\/11649\/revisions"}],"wp:featuredmedia":[{"embeddable":true,"href":"http:\/\/elobservatorio.com.mx\/index.php?rest_route=\/wp\/v2\/media\/11650"}],"wp:attachment":[{"href":"http:\/\/elobservatorio.com.mx\/index.php?rest_route=%2Fwp%2Fv2%2Fmedia&parent=11649"}],"wp:term":[{"taxonomy":"category","embeddable":true,"href":"http:\/\/elobservatorio.com.mx\/index.php?rest_route=%2Fwp%2Fv2%2Fcategories&post=11649"},{"taxonomy":"post_tag","embeddable":true,"href":"http:\/\/elobservatorio.com.mx\/index.php?rest_route=%2Fwp%2Fv2%2Ftags&post=11649"}],"curies":[{"name":"wp","href":"https:\/\/api.w.org\/{rel}","templated":true}]}}