{"id":1168,"date":"2018-12-10T20:45:11","date_gmt":"2018-12-10T20:45:11","guid":{"rendered":"http:\/\/elobservatorio.com.mx\/ayuntamientos-deben-designar-consejos-locales-de-tutelas"},"modified":"2018-12-10T20:45:19","modified_gmt":"2018-12-10T20:45:19","slug":"ayuntamientos-deben-designar-consejos-locales-de-tutelas","status":"publish","type":"post","link":"http:\/\/elobservatorio.com.mx\/?p=1168","title":{"rendered":"Ayuntamientos deben designar consejos locales de tutelas"},"content":{"rendered":"\n<p>*<em>Son un \u00f3rgano de vigilancia y de informaci\u00f3n auxiliar del Juez Civil o Mixto de Primera Instancia.<\/em><\/p>\n\n\n\n<p>El Congreso del Estado aprob\u00f3 el punto de acuerdo presentado por la diputada del Partido del Trabajo, Ana Karen Hern\u00e1ndez Aceves, por el que se exhorta a los diez Ayuntamientos de la entidad para que en la primera sesi\u00f3n de Cabildo, consideren en el orden del d\u00eda la designaci\u00f3n del Consejo Local de Tutelas de su municipio, con los requisitos establecidos en el C\u00f3digo Civil para el Estado de Colima.<\/p>\n\n\n\n<p>El art\u00edculo 631 de dicho C\u00f3digo establece que en cada municipio habr\u00e1 un Consejo Local de Tutelas, integrado por un presidente y dos vocales que durar\u00e1n un a\u00f1o en el cargo. Ser\u00e1n nombrados por los Ayuntamientos en la primera sesi\u00f3n que celebren en enero de cada a\u00f1o, procurando que los nombramientos recaigan en personas de notorias buenas costumbres y que tengan inter\u00e9s en proteger a la infancia desvalida.<\/p>\n\n\n\n<p>El Consejo Local de Tutelas es un \u00f3rgano de vigilancia y de informaci\u00f3n, que adem\u00e1s de las funciones como tal, tienen las siguientes obligaciones: remitir al Juez Civil o Mixto de Primera Instancia una lista de personas que por su aptitud legal y moral, puedan desempe\u00f1ar la tutela, para nombrar a los tutores y curadores en los casos que estos nombramientos correspondan al juez.<\/p>\n\n\n\n<p>Velar porque los tutores cumplan sus deberes, especialmente en lo que se refiere a la educaci\u00f3n de los menores; dando aviso al juez, de las faltas u omisiones que observe; avisar al juez cuando tenga conocimiento de que los bienes de un incapacitado est\u00e1n en peligro a fin de que dicte las medidas correspondientes.<\/p>\n\n\n\n<p>Investigar y poner en conocimiento del juez qu\u00e9 incapacitados carecen de tutor con el objeto de que se hagan los respectivos nombramientos; cuidar que los tutores cumplan la obligaci\u00f3n que les impone la fracci\u00f3n II del art\u00edculo 537; y vigilar el registro de tutelas a fin de que sea llevado en debida forma.<\/p>\n\n\n\n<p>Atendiendo las disposiciones del C\u00f3digo Civil, es obligaci\u00f3n de los Ayuntamientos, nombrar dicho Consejo en la primera sesi\u00f3n que celebren el mes de enero de cada a\u00f1o y hacer del conocimiento a los jueces del ramo Familiar, Penal o Mixtos de Primera Instancia de su respectivo partido Judicial, para los efectos conducentes.<\/p>\n\n\n\n<p>Por tal motivo, mediante este acuerdo se exhorta a los Ayuntamientos de Armer\u00eda, Colima, Coquimatl\u00e1n, Cuauht\u00e9moc, Comala, Ixtlahuac\u00e1n, Tecom\u00e1n, Manzanillo, Minatitl\u00e1n y Villa de \u00c1lvarez, para que cumplan con esta medida en beneficio de los ni\u00f1os y ni\u00f1as colimenses, velando en todo momento por su inter\u00e9s superior.<\/p>\n","protected":false},"excerpt":{"rendered":"<p>*Son un \u00f3rgano de vigilancia y de informaci\u00f3n auxiliar del Juez Civil o Mixto de Primera Instancia. El Congreso del Estado aprob\u00f3 el punto de acuerdo presentado por la diputada del Partido del Trabajo, Ana Karen Hern\u00e1ndez Aceves, por el que se exhorta a los diez Ayuntamientos de la entidad para que en la primera&#8230;<\/p>\n","protected":false},"author":2,"featured_media":1169,"comment_status":"open","ping_status":"open","sticky":false,"template":"","format":"standard","meta":{"footnotes":""},"categories":[1],"tags":[29,30,28],"class_list":["post-1168","post","type-post","status-publish","format-standard","has-post-thumbnail","hentry","category-espacio-legislativo","tag-grid","tag-news","tag-slider"],"_links":{"self":[{"href":"http:\/\/elobservatorio.com.mx\/index.php?rest_route=\/wp\/v2\/posts\/1168"}],"collection":[{"href":"http:\/\/elobservatorio.com.mx\/index.php?rest_route=\/wp\/v2\/posts"}],"about":[{"href":"http:\/\/elobservatorio.com.mx\/index.php?rest_route=\/wp\/v2\/types\/post"}],"author":[{"embeddable":true,"href":"http:\/\/elobservatorio.com.mx\/index.php?rest_route=\/wp\/v2\/users\/2"}],"replies":[{"embeddable":true,"href":"http:\/\/elobservatorio.com.mx\/index.php?rest_route=%2Fwp%2Fv2%2Fcomments&post=1168"}],"version-history":[{"count":0,"href":"http:\/\/elobservatorio.com.mx\/index.php?rest_route=\/wp\/v2\/posts\/1168\/revisions"}],"wp:featuredmedia":[{"embeddable":true,"href":"http:\/\/elobservatorio.com.mx\/index.php?rest_route=\/wp\/v2\/media\/1169"}],"wp:attachment":[{"href":"http:\/\/elobservatorio.com.mx\/index.php?rest_route=%2Fwp%2Fv2%2Fmedia&parent=1168"}],"wp:term":[{"taxonomy":"category","embeddable":true,"href":"http:\/\/elobservatorio.com.mx\/index.php?rest_route=%2Fwp%2Fv2%2Fcategories&post=1168"},{"taxonomy":"post_tag","embeddable":true,"href":"http:\/\/elobservatorio.com.mx\/index.php?rest_route=%2Fwp%2Fv2%2Ftags&post=1168"}],"curies":[{"name":"wp","href":"https:\/\/api.w.org\/{rel}","templated":true}]}}