{"id":11774,"date":"2020-08-06T15:20:04","date_gmt":"2020-08-06T20:20:04","guid":{"rendered":"http:\/\/elobservatorio.com.mx\/?p=11774"},"modified":"2020-08-06T15:20:04","modified_gmt":"2020-08-06T20:20:04","slug":"ilusiona-a-la-surfista-laura-gonzalez-llegar-a-juegos-olimpicos-de-tokio","status":"publish","type":"post","link":"http:\/\/elobservatorio.com.mx\/?p=11774","title":{"rendered":"Ilusiona a la surfista Laura Gonz\u00e1lez llegar a Juegos Ol\u00edmpicos de Tokio"},"content":{"rendered":"<p class=\"x_MsoNormal\"><em>*La deportista contin\u00faa prepar\u00e1ndose para su pr\u00f3ximo mundial<\/em><\/p>\n<p class=\"x_MsoNormal\">Con la ilusi\u00f3n de llegar a los Juegos Ol\u00edmpicos de Tokio, la surfista Ana Laura Gonz\u00e1lez Velasco contin\u00faa su preparaci\u00f3n en Los Cabos, Baja California Sur, ante la emergencia sanitaria por Covid-19, donde realiza sesiones de acondicionamiento f\u00edsico y lleva una sana alimentaci\u00f3n.<\/p>\n<p class=\"x_MsoNormal\">A trav\u00e9s de una charla por Facebook del Instituto Colimense del Deporte (Incode), la seleccionada nacional de surf expres\u00f3 que dos de los momentos m\u00e1s importantes de su vida han sido su primera competencia internacional a los 14 a\u00f1os y el noveno lugar en el Campeonato Mundial Juvenil, en Portugal.<\/p>\n<p class=\"x_MsoNormal\">\u201cCuando ten\u00eda 10 a\u00f1os de edad inici\u00e9 a surfear junto con mi hermano en las playas de Manzanillo, a los 13 a\u00f1os compet\u00ed en un selectivo estatal en Manzanillo en la categor\u00eda amateur logrando el campeonato para asistir a mi primer nacional, en donde obtuve el primer lugar en dos categor\u00edas Sub16 y Sub18\u201d, expres\u00f3.<\/p>\n<p class=\"x_MsoNormal\">Adem\u00e1s coment\u00f3 que a la preselecci\u00f3n nacional lleg\u00f3 a los 14 a\u00f1os con apoyo de la Federaci\u00f3n Mexicana de Surfing y la Comisi\u00f3n Nacional de Cultura F\u00edsica y Deporte, a trav\u00e9s del Centro Nacional de Alto Rendimiento (CNAR), donde se prepar\u00f3 para competir en el Mundial de Surfing en Ecuador, en el cual particip\u00f3 sin entrenador, solo con una c\u00e1mara que compraron sus padres para ver su t\u00e9cnica y estilo.<\/p>\n<p class=\"x_MsoNormal\">En su primer mundial qued\u00f3 en el lugar 22 de 70 surfistas, sin embargo, despu\u00e9s de un a\u00f1o comenz\u00f3 a entrenar duro, busc\u00f3 entrenador y estudi\u00f3 por internet para asistir a m\u00e1s competencias. Su preparaci\u00f3n se basa en una sana alimentaci\u00f3n, ejercicio y esfuerzo al m\u00e1ximo para aprovechar las oportunidades.<\/p>\n<p class=\"x_MsoNormal\">La estudiante de la carrera en Administraci\u00f3n de Negocios en la Universidad An\u00e1huac, dijo que el estudio es muy importante, ya que es un complemento para el deporte, pues es un requisito para continuar surfeando.<\/p>\n<p class=\"x_MsoNormal\">Tambi\u00e9n coment\u00f3 que su participaci\u00f3n en el Exatl\u00f3n le abri\u00f3 muchas oportunidades en el \u00e1mbito laboral para obtener recursos para su preparaci\u00f3n.<\/p>\n<p class=\"x_MsoNormal\">La surfista originaria de Guadalajara, Jalisco ha competido en los Campeonatos Mundiales de Estados Unidos y Jap\u00f3n, y ahora se prepara para participar en el pr\u00f3ximo mundial clasificatorio para Juegos Ol\u00edmpicos, el cual dar\u00e1 cinco boletos.<\/p>\n<p class=\"x_MsoNormal\">Para Ana Laura el surf es un deporte y estilo de vida que le aporta mucho a la sociedad; \u00abla vida es como el surf, pues se deben aprovechar las oportunidades que se presentan, ya que este deporte se ha convertido en mi vida, pues me abri\u00f3 muchas puertas y rompi\u00f3 el estereotipo como deportista; mi filosof\u00eda es que las olas son las oportunidades en la vida\u00bb.<\/p>\n<p class=\"x_MsoNormal\">Detall\u00f3 que debido al Covid-19 ha buscado las mejores opciones para evolucionar a la nueva normalidad siguiendo su entrenamiento desde casa. Su objetivo es estar sana y que su familia est\u00e9 bien durante esta pandemia.<\/p>\n<p class=\"x_MsoNormal\">A las nuevas generaciones, Gonz\u00e1lez Velasco les brind\u00f3 un mensaje: \u201cEsfu\u00e9rcense para competir en eventos nacionales e internacionales y as\u00ed cumplir sus sue\u00f1os y metas, ya que el talento no es suficiente, sino se trabaja.<\/p>\n<p class=\"x_MsoNormal\">Por \u00faltimo, Laura Gonz\u00e1lez, dijo que Colima a pesar de ser el Estado m\u00e1s peque\u00f1o del pa\u00eds tiene un gran potencial para el surf. En Manzanillo la gente la ha recibido muy bien, por lo que seguir\u00e1 representado al Estado, ya que les quiere regresar lo mucho que le han dado.<\/p>\n","protected":false},"excerpt":{"rendered":"<p>*La deportista contin\u00faa prepar\u00e1ndose para su pr\u00f3ximo mundial Con la ilusi\u00f3n de llegar a los Juegos Ol\u00edmpicos de Tokio, la surfista Ana Laura Gonz\u00e1lez Velasco contin\u00faa su preparaci\u00f3n en Los Cabos, Baja California Sur, ante la emergencia sanitaria por Covid-19, donde realiza sesiones de acondicionamiento f\u00edsico y lleva una sana alimentaci\u00f3n. A trav\u00e9s de una&#8230;<\/p>\n","protected":false},"author":2,"featured_media":11775,"comment_status":"open","ping_status":"open","sticky":false,"template":"","format":"standard","meta":{"footnotes":""},"categories":[21],"tags":[29,30,28],"class_list":["post-11774","post","type-post","status-publish","format-standard","has-post-thumbnail","hentry","category-deportes","tag-grid","tag-news","tag-slider"],"_links":{"self":[{"href":"http:\/\/elobservatorio.com.mx\/index.php?rest_route=\/wp\/v2\/posts\/11774"}],"collection":[{"href":"http:\/\/elobservatorio.com.mx\/index.php?rest_route=\/wp\/v2\/posts"}],"about":[{"href":"http:\/\/elobservatorio.com.mx\/index.php?rest_route=\/wp\/v2\/types\/post"}],"author":[{"embeddable":true,"href":"http:\/\/elobservatorio.com.mx\/index.php?rest_route=\/wp\/v2\/users\/2"}],"replies":[{"embeddable":true,"href":"http:\/\/elobservatorio.com.mx\/index.php?rest_route=%2Fwp%2Fv2%2Fcomments&post=11774"}],"version-history":[{"count":0,"href":"http:\/\/elobservatorio.com.mx\/index.php?rest_route=\/wp\/v2\/posts\/11774\/revisions"}],"wp:featuredmedia":[{"embeddable":true,"href":"http:\/\/elobservatorio.com.mx\/index.php?rest_route=\/wp\/v2\/media\/11775"}],"wp:attachment":[{"href":"http:\/\/elobservatorio.com.mx\/index.php?rest_route=%2Fwp%2Fv2%2Fmedia&parent=11774"}],"wp:term":[{"taxonomy":"category","embeddable":true,"href":"http:\/\/elobservatorio.com.mx\/index.php?rest_route=%2Fwp%2Fv2%2Fcategories&post=11774"},{"taxonomy":"post_tag","embeddable":true,"href":"http:\/\/elobservatorio.com.mx\/index.php?rest_route=%2Fwp%2Fv2%2Ftags&post=11774"}],"curies":[{"name":"wp","href":"https:\/\/api.w.org\/{rel}","templated":true}]}}