{"id":11844,"date":"2020-08-19T14:31:08","date_gmt":"2020-08-19T19:31:08","guid":{"rendered":"http:\/\/elobservatorio.com.mx\/?p=11844"},"modified":"2020-08-19T14:31:08","modified_gmt":"2020-08-19T19:31:08","slug":"entrega-rafael-mendoza-material-y-equipo-a-trabajadores-de-servicios-publicos","status":"publish","type":"post","link":"http:\/\/elobservatorio.com.mx\/?p=11844","title":{"rendered":"Entrega Rafael Mendoza material y equipo a trabajadores de servicios p\u00fablicos"},"content":{"rendered":"<p>Cumpliendo su compromiso de respaldo a una de las \u00e1reas m\u00e1s sensibles del Ayuntamiento de Cuauht\u00e9moc y para la que mayor demanda se genera por parte de la ciudadan\u00eda; el presidente municipal de Cuauht\u00e9moc, Rafael Mendoza, hizo entrega de material y equipo de trabajo al personal de la Direcci\u00f3n de Servicios P\u00fablicos.<\/p>\n<p>En una reuni\u00f3n\u00a0 en su despacho y acompa\u00f1ado del director de Servicios P\u00fablicos, Felipe Zambrano Gonz\u00e1lez,\u00a0 el edil refiri\u00f3 que con esta entrega (guantes, calzado y uniformes),\u00a0 se apoya al personal para que,\u00a0 en mejores condiciones,\u00a0 siga desempe\u00f1ando su importante labor a favor de toda la poblaci\u00f3n del municipio.<\/p>\n<p>Se record\u00f3 de igual forma que en d\u00edas recientes, tambi\u00e9n por parte del alcalde Rafael Mendoza, se hizo entrega, a esta\u00a0 misma direcci\u00f3n, de una unidad recolectora de basura completamente rehabilitada,\u00a0 para que el servicio pueda prestarse con toda normalidad, lo cual incluye, el haber organizado dos turnos laborales, as\u00ed pues, ya existe una cuadrilla para\u00a0 brindar la recolecci\u00f3n de basura por la tarde, adem\u00e1s de la labor matutina, y con ello se evitan rezagos en este indispensable\u00a0 servicio en favor de todas las comunidades de Cuauht\u00e9moc.<\/p>\n<p>En el acto de entrega estuvieron presentes, el secretario del Ayuntamiento, Aldo Iv\u00e1n Garc\u00eda Vargas; la tesorera municipal, Dania M\u00e9ndez C\u00e1rdenas; y la oficial mayor, Mar\u00eda Teresa Silva Gonz\u00e1lez.<\/p>\n<p>&nbsp;<\/p>\n","protected":false},"excerpt":{"rendered":"<p>Cumpliendo su compromiso de respaldo a una de las \u00e1reas m\u00e1s sensibles del Ayuntamiento de Cuauht\u00e9moc y para la que mayor demanda se genera por parte de la ciudadan\u00eda; el presidente municipal de Cuauht\u00e9moc, Rafael Mendoza, hizo entrega de material y equipo de trabajo al personal de la Direcci\u00f3n de Servicios P\u00fablicos. En una reuni\u00f3n\u00a0&#8230;<\/p>\n","protected":false},"author":2,"featured_media":11845,"comment_status":"open","ping_status":"open","sticky":false,"template":"","format":"standard","meta":{"footnotes":""},"categories":[40,8],"tags":[29,30,28],"class_list":["post-11844","post","type-post","status-publish","format-standard","has-post-thumbnail","hentry","category-cuauhtemoc","category-municipios","tag-grid","tag-news","tag-slider"],"_links":{"self":[{"href":"http:\/\/elobservatorio.com.mx\/index.php?rest_route=\/wp\/v2\/posts\/11844"}],"collection":[{"href":"http:\/\/elobservatorio.com.mx\/index.php?rest_route=\/wp\/v2\/posts"}],"about":[{"href":"http:\/\/elobservatorio.com.mx\/index.php?rest_route=\/wp\/v2\/types\/post"}],"author":[{"embeddable":true,"href":"http:\/\/elobservatorio.com.mx\/index.php?rest_route=\/wp\/v2\/users\/2"}],"replies":[{"embeddable":true,"href":"http:\/\/elobservatorio.com.mx\/index.php?rest_route=%2Fwp%2Fv2%2Fcomments&post=11844"}],"version-history":[{"count":0,"href":"http:\/\/elobservatorio.com.mx\/index.php?rest_route=\/wp\/v2\/posts\/11844\/revisions"}],"wp:featuredmedia":[{"embeddable":true,"href":"http:\/\/elobservatorio.com.mx\/index.php?rest_route=\/wp\/v2\/media\/11845"}],"wp:attachment":[{"href":"http:\/\/elobservatorio.com.mx\/index.php?rest_route=%2Fwp%2Fv2%2Fmedia&parent=11844"}],"wp:term":[{"taxonomy":"category","embeddable":true,"href":"http:\/\/elobservatorio.com.mx\/index.php?rest_route=%2Fwp%2Fv2%2Fcategories&post=11844"},{"taxonomy":"post_tag","embeddable":true,"href":"http:\/\/elobservatorio.com.mx\/index.php?rest_route=%2Fwp%2Fv2%2Ftags&post=11844"}],"curies":[{"name":"wp","href":"https:\/\/api.w.org\/{rel}","templated":true}]}}