{"id":11891,"date":"2020-08-21T14:42:34","date_gmt":"2020-08-21T19:42:34","guid":{"rendered":"http:\/\/elobservatorio.com.mx\/?p=11891"},"modified":"2020-08-21T14:42:34","modified_gmt":"2020-08-21T19:42:34","slug":"rafael-mendoza-entrega-material-y-equipo-de-trabajo-a-personal-de-pc","status":"publish","type":"post","link":"http:\/\/elobservatorio.com.mx\/?p=11891","title":{"rendered":"Rafael Mendoza entrega material y equipo de trabajo a personal de PC"},"content":{"rendered":"<p>Para dar continuidad a una serie de entregas de material y equipo de trabajo a personal que labora en diversas del Ayuntamiento; en esta ocasi\u00f3n, el alcalde, Rafael Mendoza, hizo lo correspondiente para con el personal que labora en la Unidad de Protecci\u00f3n y bomberos, quienes recibieron desde botas, uniforme, impermeables, entre otros accesorios, que les permitir\u00e1n, en mejores condiciones, seguir brindando un buen servicio a la ciudadan\u00eda.<\/p>\n<p>En su mensaje, el edil record\u00f3 que al interior del Ayuntamiento se ha venido haciendo un gran esfuerzo para hacer rendir los recursos econ\u00f3micos y,\u00a0 pese a las dificultades financieras, se ha dado respuesta a muchas de las necesidades que se manifiestan en cada de una las diversas \u00e1reas, entre ellas a Protecci\u00f3n civil y bomberos, cuyos integrantes realizan una labor extraordinaria a favor de la comunidad.<\/p>\n<p>Por su parte,\u00a0 el director de la Unidad Municipal de Protecci\u00f3n Civil y Bomberos, Juan Jos\u00e9 Corona G\u00f3mez, luego de agradecer al alcalde por la dotaci\u00f3n de este equipo, indispensable para atender las emergencias, especialmente en esta temporada de lluvias; record\u00f3 que en la Unidad se mantienen en alerta\u00a0 permanente para atender cualquier llamado de emergencia por parte de la poblaci\u00f3n e incluso se brinda el servicio de atenci\u00f3n prehospitalaria o de traslado en ambulancia, cuando se requiere por emergencia, llegar a alguna cl\u00ednica m\u00e9dica, por lo que puso a disposici\u00f3n de la comunidad el n\u00famero telef\u00f3nico\u00a0 312 32 8 11 70, precisamente de la Unidad municipal de Protecci\u00f3n Civil Y Bomberos.<\/p>\n<p><strong>\u00a0<\/strong><\/p>\n","protected":false},"excerpt":{"rendered":"<p>Para dar continuidad a una serie de entregas de material y equipo de trabajo a personal que labora en diversas del Ayuntamiento; en esta ocasi\u00f3n, el alcalde, Rafael Mendoza, hizo lo correspondiente para con el personal que labora en la Unidad de Protecci\u00f3n y bomberos, quienes recibieron desde botas, uniforme, impermeables, entre otros accesorios, que&#8230;<\/p>\n","protected":false},"author":2,"featured_media":11892,"comment_status":"open","ping_status":"open","sticky":false,"template":"","format":"standard","meta":{"footnotes":""},"categories":[40,8],"tags":[29,30,28],"class_list":["post-11891","post","type-post","status-publish","format-standard","has-post-thumbnail","hentry","category-cuauhtemoc","category-municipios","tag-grid","tag-news","tag-slider"],"_links":{"self":[{"href":"http:\/\/elobservatorio.com.mx\/index.php?rest_route=\/wp\/v2\/posts\/11891"}],"collection":[{"href":"http:\/\/elobservatorio.com.mx\/index.php?rest_route=\/wp\/v2\/posts"}],"about":[{"href":"http:\/\/elobservatorio.com.mx\/index.php?rest_route=\/wp\/v2\/types\/post"}],"author":[{"embeddable":true,"href":"http:\/\/elobservatorio.com.mx\/index.php?rest_route=\/wp\/v2\/users\/2"}],"replies":[{"embeddable":true,"href":"http:\/\/elobservatorio.com.mx\/index.php?rest_route=%2Fwp%2Fv2%2Fcomments&post=11891"}],"version-history":[{"count":0,"href":"http:\/\/elobservatorio.com.mx\/index.php?rest_route=\/wp\/v2\/posts\/11891\/revisions"}],"wp:featuredmedia":[{"embeddable":true,"href":"http:\/\/elobservatorio.com.mx\/index.php?rest_route=\/wp\/v2\/media\/11892"}],"wp:attachment":[{"href":"http:\/\/elobservatorio.com.mx\/index.php?rest_route=%2Fwp%2Fv2%2Fmedia&parent=11891"}],"wp:term":[{"taxonomy":"category","embeddable":true,"href":"http:\/\/elobservatorio.com.mx\/index.php?rest_route=%2Fwp%2Fv2%2Fcategories&post=11891"},{"taxonomy":"post_tag","embeddable":true,"href":"http:\/\/elobservatorio.com.mx\/index.php?rest_route=%2Fwp%2Fv2%2Ftags&post=11891"}],"curies":[{"name":"wp","href":"https:\/\/api.w.org\/{rel}","templated":true}]}}