{"id":11935,"date":"2020-08-22T22:31:40","date_gmt":"2020-08-23T03:31:40","guid":{"rendered":"http:\/\/elobservatorio.com.mx\/?p=11935"},"modified":"2020-08-22T22:31:40","modified_gmt":"2020-08-23T03:31:40","slug":"no-han-colapsado-servicios-de-salud-en-el-estado","status":"publish","type":"post","link":"http:\/\/elobservatorio.com.mx\/?p=11935","title":{"rendered":"No han colapsado servicios de salud en el Estado"},"content":{"rendered":"<p class=\"x_MsoNormal\">Con la capacidad hospitalaria existente, en las unidades Covid-19 en el estado, se atiende de manera ordinaria y no hay colapso de servicios.<\/p>\n<p class=\"x_MsoNormal\">La Secretar\u00eda de Salud y Bienestar Social del Gobierno del Estado informa que algunas unidades de concentraci\u00f3n estatal y regional han alcanzado l\u00edmites, pero no significa su colapso.<\/p>\n<p class=\"x_MsoNormal\">Al \u00faltimo cierre, se ha mantenido el promedio de disponibilidad hospitalaria general en la entidad de 43%, pero hay momentos en que s\u00ed se llega al l\u00edmite.<\/p>\n<p class=\"x_MsoNormal\">Aclara la dependencia que se acerca a zona de riesgo, lo que pone en advertencia que en cualquier momento pudieran ocuparse las camas disponibles.<\/p>\n<p class=\"x_MsoNormal\">Al cierre de la semana laboral, el Hospital General de Zona n\u00famero 10 en Manzanillo ten\u00eda al 100% de ocupaci\u00f3n de camas con ventilador, pero el 50% de disponibilidad en camas.<\/p>\n<p class=\"x_MsoNormal\">El Hospital General de Zona n\u00famero 1 en Villa de \u00c1lvarez, manten\u00eda el 87% de ocupaci\u00f3n de camas con ventilador y el 22% de disponibilidad de camas.<\/p>\n<p class=\"x_MsoNormal\">El Hospital Regional Universitario en momentos alcanza su capacidad total, situaci\u00f3n que cambia conforme egresan pacientes.<\/p>\n<p class=\"x_MsoNormal\">Finalmente, la Secretar\u00eda de Salud se\u00f1ala que la apertura de la Unidad Operativa de Hospitalizaci\u00f3n de Covid-19 de la 20\/a Zona Militar, no significa el colapso del sistema de salud en el estado<\/p>\n","protected":false},"excerpt":{"rendered":"<p>Con la capacidad hospitalaria existente, en las unidades Covid-19 en el estado, se atiende de manera ordinaria y no hay colapso de servicios. La Secretar\u00eda de Salud y Bienestar Social del Gobierno del Estado informa que algunas unidades de concentraci\u00f3n estatal y regional han alcanzado l\u00edmites, pero no significa su colapso. Al \u00faltimo cierre, se&#8230;<\/p>\n","protected":false},"author":2,"featured_media":10613,"comment_status":"open","ping_status":"open","sticky":false,"template":"","format":"standard","meta":{"footnotes":""},"categories":[9],"tags":[29,30,28],"class_list":["post-11935","post","type-post","status-publish","format-standard","has-post-thumbnail","hentry","category-agro-y-salud","tag-grid","tag-news","tag-slider"],"_links":{"self":[{"href":"http:\/\/elobservatorio.com.mx\/index.php?rest_route=\/wp\/v2\/posts\/11935"}],"collection":[{"href":"http:\/\/elobservatorio.com.mx\/index.php?rest_route=\/wp\/v2\/posts"}],"about":[{"href":"http:\/\/elobservatorio.com.mx\/index.php?rest_route=\/wp\/v2\/types\/post"}],"author":[{"embeddable":true,"href":"http:\/\/elobservatorio.com.mx\/index.php?rest_route=\/wp\/v2\/users\/2"}],"replies":[{"embeddable":true,"href":"http:\/\/elobservatorio.com.mx\/index.php?rest_route=%2Fwp%2Fv2%2Fcomments&post=11935"}],"version-history":[{"count":0,"href":"http:\/\/elobservatorio.com.mx\/index.php?rest_route=\/wp\/v2\/posts\/11935\/revisions"}],"wp:featuredmedia":[{"embeddable":true,"href":"http:\/\/elobservatorio.com.mx\/index.php?rest_route=\/wp\/v2\/media\/10613"}],"wp:attachment":[{"href":"http:\/\/elobservatorio.com.mx\/index.php?rest_route=%2Fwp%2Fv2%2Fmedia&parent=11935"}],"wp:term":[{"taxonomy":"category","embeddable":true,"href":"http:\/\/elobservatorio.com.mx\/index.php?rest_route=%2Fwp%2Fv2%2Fcategories&post=11935"},{"taxonomy":"post_tag","embeddable":true,"href":"http:\/\/elobservatorio.com.mx\/index.php?rest_route=%2Fwp%2Fv2%2Ftags&post=11935"}],"curies":[{"name":"wp","href":"https:\/\/api.w.org\/{rel}","templated":true}]}}