{"id":11989,"date":"2020-08-24T12:18:34","date_gmt":"2020-08-24T17:18:34","guid":{"rendered":"http:\/\/elobservatorio.com.mx\/?p=11989"},"modified":"2020-08-24T12:18:34","modified_gmt":"2020-08-24T17:18:34","slug":"a-partir-de-hoy-lunes-es-obligatorio-el-uso-de-cubrebocas-evite-amonestaciones-o-multas","status":"publish","type":"post","link":"http:\/\/elobservatorio.com.mx\/?p=11989","title":{"rendered":"A partir de hoy lunes es obligatorio el uso de cubrebocas, evite amonestaciones o multas"},"content":{"rendered":"<p class=\"x_MsoNormal\"><em>*El objetivo es crear una cultura de corresponsabilidad y generar una conciencia colectiva sobre la importancia de la medida, sostuvo<\/em><\/p>\n<p class=\"x_MsoNormal\">El gobernador, Jos\u00e9 Ignacio Peralta S\u00e1nchez, anunci\u00f3 que ya es obligatorio usar el cubrebocas en la entidad, puesto que ayer, la Ley que Regula su Uso fue publicada en el Peri\u00f3dico Oficial del Estado de Colima, por lo que a partir de hoy entra en vigor, con el prop\u00f3sito de que dicha iniciativa genere una conciencia colectiva sobre la importancia de la medida sanitaria.<\/p>\n<p class=\"x_MsoNormal\">A trav\u00e9s de un mensaje en sus redes sociales, el mandatario record\u00f3 que el uso de cubrebocas ha sido recomendado por la Organizaci\u00f3n Mundial de la Salud, pues la actuaci\u00f3n en conjunto de toda la sociedad es clave para enfrentar al virus que causa la enfermedad del Covid-19.<\/p>\n<p class=\"x_MsoNormal\">Indic\u00f3 que por unos cuantos que act\u00faen sin disciplina, pierden todos, por ello, reconoci\u00f3 y agradeci\u00f3 a una gran parte de la sociedad, que ha sido responsable y cumple con las medidas sanitarias.<\/p>\n<p class=\"x_MsoNormal\">Agreg\u00f3 que existen ciudadanos que no observan las recomendaciones, por lo que se decidi\u00f3 que el uso del cubrebocas sea obligatorio, con el objetivo de construir una cultura de corresponsabilidad y evitar amonestaciones o multas, simplemente us\u00e1ndolo.<\/p>\n<p class=\"x_MsoNormal\">Detall\u00f3 que Colima se mantiene en la fase 3 de la pandemia, pues los n\u00fameros de casos positivos crecieron exponencialmente a partir de junio y como gobierno \u2013dijo- no se quedar\u00e1n con los brazos cruzados, pues se tienen que explorar todas las acciones posibles que contribuyan a aminorar los contagios, que se pueden prevenir con el uso correcto del cubrebocas.<\/p>\n<p class=\"x_MsoNormal\">Refiri\u00f3 que, adem\u00e1s se mantienen vigentes las recomendaciones de higiene y distanciamiento social del sector salud \u201ccomo gobierno, no podemos desde\u00f1ar ninguna medida ni ponerla en la categor\u00eda de secundario, todas son importantes, todas son necesarias y por ende, estamos obligados a promoverlas\u201d, acot\u00f3.<\/p>\n<p class=\"x_MsoNormal\">Peralta S\u00e1nchez puntualiz\u00f3 que el uso de cubrebocas para todas las personas es fundamental, aun cuando no se consideren enfermas, pues pueden estarlo, ser asintom\u00e1ticos y una fuente de contagio, por lo que reiter\u00f3 que mientras dure la emergencia, las y los colimenses deber\u00e1n usarlo en v\u00edas y espacios p\u00fablicos o de uso com\u00fan.<\/p>\n<p class=\"x_MsoNormal\">Al respecto, mencion\u00f3 que \u00e9stos se\u00f1alan el interior de cualquier establecimiento, ya sea de comercio, industria o servicios, centros de trabajo, comerciales y transporte p\u00fablico; se\u00f1al\u00f3 que los agentes de la polic\u00eda de proximidad de la Secretar\u00eda de Seguridad P\u00fablica desde hace semanas han promovido el uso de cubrebocas.<\/p>\n<p class=\"x_MsoNormal\">Asimismo, record\u00f3 que el DIF Estatal llev\u00f3 a cabo una campa\u00f1a de entrega de cubrebocas gratuitos entre la poblaci\u00f3n, adem\u00e1s de indicar que se intensificar\u00e1 la campa\u00f1a de concientizaci\u00f3n sobre la importancia del uso de cubrebocas a trav\u00e9s de los medios de comunicaci\u00f3n.<\/p>\n<p class=\"x_MsoNormal\">Finalmente, reiter\u00f3 el exhorto a la poblaci\u00f3n para usar cubrebocas y adoptar las recomendaciones sanitarias para juntos, ganar la batalla al Covid-19.<\/p>\n","protected":false},"excerpt":{"rendered":"<p>*El objetivo es crear una cultura de corresponsabilidad y generar una conciencia colectiva sobre la importancia de la medida, sostuvo El gobernador, Jos\u00e9 Ignacio Peralta S\u00e1nchez, anunci\u00f3 que ya es obligatorio usar el cubrebocas en la entidad, puesto que ayer, la Ley que Regula su Uso fue publicada en el Peri\u00f3dico Oficial del Estado de&#8230;<\/p>\n","protected":false},"author":2,"featured_media":11990,"comment_status":"open","ping_status":"open","sticky":false,"template":"","format":"standard","meta":{"footnotes":""},"categories":[16],"tags":[29,30,28],"class_list":["post-11989","post","type-post","status-publish","format-standard","has-post-thumbnail","hentry","category-gobierno","tag-grid","tag-news","tag-slider"],"_links":{"self":[{"href":"http:\/\/elobservatorio.com.mx\/index.php?rest_route=\/wp\/v2\/posts\/11989"}],"collection":[{"href":"http:\/\/elobservatorio.com.mx\/index.php?rest_route=\/wp\/v2\/posts"}],"about":[{"href":"http:\/\/elobservatorio.com.mx\/index.php?rest_route=\/wp\/v2\/types\/post"}],"author":[{"embeddable":true,"href":"http:\/\/elobservatorio.com.mx\/index.php?rest_route=\/wp\/v2\/users\/2"}],"replies":[{"embeddable":true,"href":"http:\/\/elobservatorio.com.mx\/index.php?rest_route=%2Fwp%2Fv2%2Fcomments&post=11989"}],"version-history":[{"count":0,"href":"http:\/\/elobservatorio.com.mx\/index.php?rest_route=\/wp\/v2\/posts\/11989\/revisions"}],"wp:featuredmedia":[{"embeddable":true,"href":"http:\/\/elobservatorio.com.mx\/index.php?rest_route=\/wp\/v2\/media\/11990"}],"wp:attachment":[{"href":"http:\/\/elobservatorio.com.mx\/index.php?rest_route=%2Fwp%2Fv2%2Fmedia&parent=11989"}],"wp:term":[{"taxonomy":"category","embeddable":true,"href":"http:\/\/elobservatorio.com.mx\/index.php?rest_route=%2Fwp%2Fv2%2Fcategories&post=11989"},{"taxonomy":"post_tag","embeddable":true,"href":"http:\/\/elobservatorio.com.mx\/index.php?rest_route=%2Fwp%2Fv2%2Ftags&post=11989"}],"curies":[{"name":"wp","href":"https:\/\/api.w.org\/{rel}","templated":true}]}}