{"id":12045,"date":"2020-08-26T01:55:00","date_gmt":"2020-08-26T06:55:00","guid":{"rendered":"http:\/\/elobservatorio.com.mx\/?p=12045"},"modified":"2020-08-26T01:55:00","modified_gmt":"2020-08-26T06:55:00","slug":"anunciaran-detalles-del-torneo-virtual-de-dominadas","status":"publish","type":"post","link":"http:\/\/elobservatorio.com.mx\/?p=12045","title":{"rendered":"Anunciar\u00e1n detalles del Torneo Virtual de Dominadas"},"content":{"rendered":"<p>La directora general del Instituto Colimense del Deporte, Ciria Salazar, llevar\u00e1 a cabo el anuncio de la realizaci\u00f3n del Primer Torneo Virtual de Dominadas \u00abDel Mar a la Monta\u00f1a\u00bb, este jueves 27 de agosto, a las 13:00 horas, a trav\u00e9s del Facebook: Instituto Colimense del Deporte.<\/p>\n<p>Le acompa\u00f1ar\u00e1 en la transmisi\u00f3n la coordinadora del deporte social, Raquel \u00c1valos Delgadillo y, el futbolista internacional, Jetzael Moya Trujillo<\/p>\n","protected":false},"excerpt":{"rendered":"<p>La directora general del Instituto Colimense del Deporte, Ciria Salazar, llevar\u00e1 a cabo el anuncio de la realizaci\u00f3n del Primer Torneo Virtual de Dominadas \u00abDel Mar a la Monta\u00f1a\u00bb, este jueves 27 de agosto, a las 13:00 horas, a trav\u00e9s del Facebook: Instituto Colimense del Deporte. Le acompa\u00f1ar\u00e1 en la transmisi\u00f3n la coordinadora del deporte&#8230;<\/p>\n","protected":false},"author":2,"featured_media":12046,"comment_status":"open","ping_status":"open","sticky":false,"template":"","format":"standard","meta":{"footnotes":""},"categories":[21],"tags":[29,30,28],"class_list":["post-12045","post","type-post","status-publish","format-standard","has-post-thumbnail","hentry","category-deportes","tag-grid","tag-news","tag-slider"],"_links":{"self":[{"href":"http:\/\/elobservatorio.com.mx\/index.php?rest_route=\/wp\/v2\/posts\/12045"}],"collection":[{"href":"http:\/\/elobservatorio.com.mx\/index.php?rest_route=\/wp\/v2\/posts"}],"about":[{"href":"http:\/\/elobservatorio.com.mx\/index.php?rest_route=\/wp\/v2\/types\/post"}],"author":[{"embeddable":true,"href":"http:\/\/elobservatorio.com.mx\/index.php?rest_route=\/wp\/v2\/users\/2"}],"replies":[{"embeddable":true,"href":"http:\/\/elobservatorio.com.mx\/index.php?rest_route=%2Fwp%2Fv2%2Fcomments&post=12045"}],"version-history":[{"count":0,"href":"http:\/\/elobservatorio.com.mx\/index.php?rest_route=\/wp\/v2\/posts\/12045\/revisions"}],"wp:featuredmedia":[{"embeddable":true,"href":"http:\/\/elobservatorio.com.mx\/index.php?rest_route=\/wp\/v2\/media\/12046"}],"wp:attachment":[{"href":"http:\/\/elobservatorio.com.mx\/index.php?rest_route=%2Fwp%2Fv2%2Fmedia&parent=12045"}],"wp:term":[{"taxonomy":"category","embeddable":true,"href":"http:\/\/elobservatorio.com.mx\/index.php?rest_route=%2Fwp%2Fv2%2Fcategories&post=12045"},{"taxonomy":"post_tag","embeddable":true,"href":"http:\/\/elobservatorio.com.mx\/index.php?rest_route=%2Fwp%2Fv2%2Ftags&post=12045"}],"curies":[{"name":"wp","href":"https:\/\/api.w.org\/{rel}","templated":true}]}}