{"id":12062,"date":"2020-08-26T22:07:06","date_gmt":"2020-08-27T03:07:06","guid":{"rendered":"http:\/\/elobservatorio.com.mx\/?p=12062"},"modified":"2020-08-26T22:07:06","modified_gmt":"2020-08-27T03:07:06","slug":"detenido-por-agredir-a-su-madre-ya-esta-en-proceso","status":"publish","type":"post","link":"http:\/\/elobservatorio.com.mx\/?p=12062","title":{"rendered":"Detenido por agredir a su madre; ya est\u00e1 en proceso"},"content":{"rendered":"<p><em>*El juez orden\u00f3 su internamiento en el Cereso de Colima.<\/em><\/p>\n<p>Como imputado en el delito de violencia intrafamiliar, un hombre de 41 a\u00f1os fue vinculado a proceso por el juez de control, tras ser detenido en flagrancia por agredir a su madre en hechos ocurridos en un domicilio de la Colonia La Albarrada, en la Ciudad de Colima.<\/p>\n<p>De acuerdo con la investigaci\u00f3n de la Fiscal\u00eda Especializada en Delitos por Razones de G\u00e9nero y Trata de Personas, hace tres d\u00edas este sujeto amenaz\u00f3 y agredi\u00f3 a su progenitora, quien solicit\u00f3 auxilio a los elementos de la Polic\u00eda Estatal que lo detuvieron y lo pusieron a disposici\u00f3n de las autoridades ministeriales.<\/p>\n<p>En la audiencia inicial el juez de control calific\u00f3 de legal la detenci\u00f3n y determin\u00f3 vincularlo a proceso por el delito antes se\u00f1alado, adem\u00e1s de ordenar la prisi\u00f3n preventiva como medida cautelar, en tanto se desarrolla la investigaci\u00f3n complementaria.<\/p>\n<p>Lo anterior forma parte de las acciones que lleva a cabo la Fiscal\u00eda General del Estado (FGE), a trav\u00e9s de la Fiscal\u00eda Especializada, para la investigaci\u00f3n, esclarecimiento e integraci\u00f3n de los expedientes de casos relacionados con la violencia intrafamiliar, y as\u00ed lograr la captura de quienes son se\u00f1alados como responsables y llevarlos ante los tribunales.<\/p>\n<p>Para lograr el \u00e9xito de estas acciones ser\u00e1 siempre fundamental la colaboraci\u00f3n de la sociedad, a trav\u00e9s de las denuncias an\u00f3nimas a la l\u00ednea 089 y el reporte las emergencias a la l\u00ednea 911, por ello se contin\u00faa exhortando a que las realicen.<\/p>\n<p>&nbsp;<\/p>\n<p>&nbsp;<\/p>\n","protected":false},"excerpt":{"rendered":"<p>*El juez orden\u00f3 su internamiento en el Cereso de Colima. Como imputado en el delito de violencia intrafamiliar, un hombre de 41 a\u00f1os fue vinculado a proceso por el juez de control, tras ser detenido en flagrancia por agredir a su madre en hechos ocurridos en un domicilio de la Colonia La Albarrada, en la&#8230;<\/p>\n","protected":false},"author":2,"featured_media":12063,"comment_status":"open","ping_status":"open","sticky":false,"template":"","format":"standard","meta":{"footnotes":""},"categories":[15],"tags":[29,30,28],"class_list":["post-12062","post","type-post","status-publish","format-standard","has-post-thumbnail","hentry","category-seguridad-y-justicia","tag-grid","tag-news","tag-slider"],"_links":{"self":[{"href":"http:\/\/elobservatorio.com.mx\/index.php?rest_route=\/wp\/v2\/posts\/12062"}],"collection":[{"href":"http:\/\/elobservatorio.com.mx\/index.php?rest_route=\/wp\/v2\/posts"}],"about":[{"href":"http:\/\/elobservatorio.com.mx\/index.php?rest_route=\/wp\/v2\/types\/post"}],"author":[{"embeddable":true,"href":"http:\/\/elobservatorio.com.mx\/index.php?rest_route=\/wp\/v2\/users\/2"}],"replies":[{"embeddable":true,"href":"http:\/\/elobservatorio.com.mx\/index.php?rest_route=%2Fwp%2Fv2%2Fcomments&post=12062"}],"version-history":[{"count":0,"href":"http:\/\/elobservatorio.com.mx\/index.php?rest_route=\/wp\/v2\/posts\/12062\/revisions"}],"wp:featuredmedia":[{"embeddable":true,"href":"http:\/\/elobservatorio.com.mx\/index.php?rest_route=\/wp\/v2\/media\/12063"}],"wp:attachment":[{"href":"http:\/\/elobservatorio.com.mx\/index.php?rest_route=%2Fwp%2Fv2%2Fmedia&parent=12062"}],"wp:term":[{"taxonomy":"category","embeddable":true,"href":"http:\/\/elobservatorio.com.mx\/index.php?rest_route=%2Fwp%2Fv2%2Fcategories&post=12062"},{"taxonomy":"post_tag","embeddable":true,"href":"http:\/\/elobservatorio.com.mx\/index.php?rest_route=%2Fwp%2Fv2%2Ftags&post=12062"}],"curies":[{"name":"wp","href":"https:\/\/api.w.org\/{rel}","templated":true}]}}