{"id":12244,"date":"2020-09-07T17:12:20","date_gmt":"2020-09-07T22:12:20","guid":{"rendered":"http:\/\/elobservatorio.com.mx\/?p=12244"},"modified":"2020-09-07T17:12:20","modified_gmt":"2020-09-07T22:12:20","slug":"por-falta-del-servicio-de-recoleccion-en-el-chamizal-reportan-cerros-de-basura","status":"publish","type":"post","link":"http:\/\/elobservatorio.com.mx\/?p=12244","title":{"rendered":"Por falta del servicio de recolecci\u00f3n, en el Chamizal reportan cerros de basura"},"content":{"rendered":"<p><em>*Debido a que el ayuntamiento deja de recoger por varios d\u00edas la basura, el acumulamiento ya est\u00e1 generando focos de infecci\u00f3n que ponen en riesgo la salud\u00a0<\/em><\/p>\n<p>Tecom\u00e1n Col.- Vecinos de la colonia Chamizal, denunciaron a este medio de comunicaci\u00f3n la falta del servicio de recolecci\u00f3n de basura, la cual est\u00e1 generando ya problemas de salud debido a la acumulaci\u00f3n y humedad,<\/p>\n<p>El problema se est\u00e1 dando en toda la colonia en donde se ven cerros de basura que a ya a varios d\u00edas de no recogerse generan olores f\u00e9tidos, as\u00ed como la proliferaci\u00f3n de insectos, adem\u00e1s de las lluvias que han ca\u00eddo, ponen en riesgo la salud de la poblaci\u00f3n.<\/p>\n<p>Hacen el llamado al alcalde El\u00edas Lozano a que mejore ese servicio y que cumpla con su funci\u00f3n de servir y dar resultados, porque la poblaci\u00f3n para eso lo eligi\u00f3, \u00abaqu\u00ed el Chamizal est\u00e1 convertido en un basural y no tenemos necesidad de estar soportando malos olores, moscos y zancudos derivado a que la basura est\u00e1 acumulada de d\u00edas\u00bb, coment\u00f3 un vecino afectado.<\/p>\n<div id='gallery-1' class='gallery galleryid-12244 gallery-columns-3 gallery-size-large'><figure class='gallery-item'>\n\t\t\t<div class='gallery-icon landscape'>\n\t\t\t\t<a href='http:\/\/elobservatorio.com.mx\/?attachment_id=12245'><img loading=\"lazy\" decoding=\"async\" width=\"640\" height=\"480\" src=\"http:\/\/elobservatorio.com.mx\/wp-content\/uploads\/2020\/09\/anyconv-com__ba-1024x768.jpg\" class=\"attachment-large size-large\" alt=\"\" srcset=\"http:\/\/elobservatorio.com.mx\/wp-content\/uploads\/2020\/09\/anyconv-com__ba-1024x768.jpg 1024w, http:\/\/elobservatorio.com.mx\/wp-content\/uploads\/2020\/09\/anyconv-com__ba-300x225.jpg 300w, http:\/\/elobservatorio.com.mx\/wp-content\/uploads\/2020\/09\/anyconv-com__ba-768x576.jpg 768w, http:\/\/elobservatorio.com.mx\/wp-content\/uploads\/2020\/09\/anyconv-com__ba.jpg 1280w\" sizes=\"(max-width: 640px) 100vw, 640px\" \/><\/a>\n\t\t\t<\/div><\/figure><figure class='gallery-item'>\n\t\t\t<div class='gallery-icon portrait'>\n\t\t\t\t<a href='http:\/\/elobservatorio.com.mx\/?attachment_id=12246'><img loading=\"lazy\" decoding=\"async\" width=\"640\" height=\"853\" src=\"http:\/\/elobservatorio.com.mx\/wp-content\/uploads\/2020\/09\/anyconv-com__bas1-768x1024.jpg\" class=\"attachment-large size-large\" alt=\"\" srcset=\"http:\/\/elobservatorio.com.mx\/wp-content\/uploads\/2020\/09\/anyconv-com__bas1-768x1024.jpg 768w, http:\/\/elobservatorio.com.mx\/wp-content\/uploads\/2020\/09\/anyconv-com__bas1-225x300.jpg 225w, http:\/\/elobservatorio.com.mx\/wp-content\/uploads\/2020\/09\/anyconv-com__bas1-600x800.jpg 600w, http:\/\/elobservatorio.com.mx\/wp-content\/uploads\/2020\/09\/anyconv-com__bas1.jpg 960w\" sizes=\"(max-width: 640px) 100vw, 640px\" \/><\/a>\n\t\t\t<\/div><\/figure><figure class='gallery-item'>\n\t\t\t<div class='gallery-icon portrait'>\n\t\t\t\t<a href='http:\/\/elobservatorio.com.mx\/?attachment_id=12247'><img loading=\"lazy\" decoding=\"async\" width=\"640\" height=\"853\" src=\"http:\/\/elobservatorio.com.mx\/wp-content\/uploads\/2020\/09\/anyconv-com__bas2-768x1024.jpg\" class=\"attachment-large size-large\" alt=\"\" srcset=\"http:\/\/elobservatorio.com.mx\/wp-content\/uploads\/2020\/09\/anyconv-com__bas2-768x1024.jpg 768w, http:\/\/elobservatorio.com.mx\/wp-content\/uploads\/2020\/09\/anyconv-com__bas2-225x300.jpg 225w, http:\/\/elobservatorio.com.mx\/wp-content\/uploads\/2020\/09\/anyconv-com__bas2-600x800.jpg 600w, http:\/\/elobservatorio.com.mx\/wp-content\/uploads\/2020\/09\/anyconv-com__bas2.jpg 960w\" sizes=\"(max-width: 640px) 100vw, 640px\" \/><\/a>\n\t\t\t<\/div><\/figure><figure class='gallery-item'>\n\t\t\t<div class='gallery-icon portrait'>\n\t\t\t\t<a href='http:\/\/elobservatorio.com.mx\/?attachment_id=12248'><img loading=\"lazy\" decoding=\"async\" width=\"640\" height=\"853\" src=\"http:\/\/elobservatorio.com.mx\/wp-content\/uploads\/2020\/09\/anyconv-com__bas4-768x1024.jpg\" class=\"attachment-large size-large\" alt=\"\" srcset=\"http:\/\/elobservatorio.com.mx\/wp-content\/uploads\/2020\/09\/anyconv-com__bas4-768x1024.jpg 768w, http:\/\/elobservatorio.com.mx\/wp-content\/uploads\/2020\/09\/anyconv-com__bas4-225x300.jpg 225w, http:\/\/elobservatorio.com.mx\/wp-content\/uploads\/2020\/09\/anyconv-com__bas4-600x800.jpg 600w, http:\/\/elobservatorio.com.mx\/wp-content\/uploads\/2020\/09\/anyconv-com__bas4.jpg 960w\" sizes=\"(max-width: 640px) 100vw, 640px\" \/><\/a>\n\t\t\t<\/div><\/figure>\n\t\t<\/div>\n\n<p>&nbsp;<\/p>\n","protected":false},"excerpt":{"rendered":"<p>*Debido a que el ayuntamiento deja de recoger por varios d\u00edas la basura, el acumulamiento ya est\u00e1 generando focos de infecci\u00f3n que ponen en riesgo la salud\u00a0 Tecom\u00e1n Col.- Vecinos de la colonia Chamizal, denunciaron a este medio de comunicaci\u00f3n la falta del servicio de recolecci\u00f3n de basura, la cual est\u00e1 generando ya problemas de&#8230;<\/p>\n","protected":false},"author":2,"featured_media":12245,"comment_status":"open","ping_status":"open","sticky":false,"template":"","format":"standard","meta":{"footnotes":""},"categories":[8,34],"tags":[29,30,28],"class_list":["post-12244","post","type-post","status-publish","format-standard","has-post-thumbnail","hentry","category-municipios","category-tecoman","tag-grid","tag-news","tag-slider"],"_links":{"self":[{"href":"http:\/\/elobservatorio.com.mx\/index.php?rest_route=\/wp\/v2\/posts\/12244"}],"collection":[{"href":"http:\/\/elobservatorio.com.mx\/index.php?rest_route=\/wp\/v2\/posts"}],"about":[{"href":"http:\/\/elobservatorio.com.mx\/index.php?rest_route=\/wp\/v2\/types\/post"}],"author":[{"embeddable":true,"href":"http:\/\/elobservatorio.com.mx\/index.php?rest_route=\/wp\/v2\/users\/2"}],"replies":[{"embeddable":true,"href":"http:\/\/elobservatorio.com.mx\/index.php?rest_route=%2Fwp%2Fv2%2Fcomments&post=12244"}],"version-history":[{"count":0,"href":"http:\/\/elobservatorio.com.mx\/index.php?rest_route=\/wp\/v2\/posts\/12244\/revisions"}],"wp:featuredmedia":[{"embeddable":true,"href":"http:\/\/elobservatorio.com.mx\/index.php?rest_route=\/wp\/v2\/media\/12245"}],"wp:attachment":[{"href":"http:\/\/elobservatorio.com.mx\/index.php?rest_route=%2Fwp%2Fv2%2Fmedia&parent=12244"}],"wp:term":[{"taxonomy":"category","embeddable":true,"href":"http:\/\/elobservatorio.com.mx\/index.php?rest_route=%2Fwp%2Fv2%2Fcategories&post=12244"},{"taxonomy":"post_tag","embeddable":true,"href":"http:\/\/elobservatorio.com.mx\/index.php?rest_route=%2Fwp%2Fv2%2Ftags&post=12244"}],"curies":[{"name":"wp","href":"https:\/\/api.w.org\/{rel}","templated":true}]}}