{"id":12285,"date":"2020-09-10T10:49:02","date_gmt":"2020-09-10T15:49:02","guid":{"rendered":"http:\/\/elobservatorio.com.mx\/?p=12285"},"modified":"2020-09-10T10:49:02","modified_gmt":"2020-09-10T15:49:02","slug":"regidor-arturo-garcia-negrete-lleva-programa-de-descacharrizacion-en-la-colonia-san-ignacio","status":"publish","type":"post","link":"http:\/\/elobservatorio.com.mx\/?p=12285","title":{"rendered":"Regidor Arturo Garc\u00eda Negrete lleva programa de descacharrizaci\u00f3n en la colonia San Ignacio"},"content":{"rendered":"<p>Tecom\u00e1n Col.- El pasado lunes, el regidor Arturo Garc\u00eda Negrete llev\u00f3 un programa de descacharrizaci\u00f3n a vecinos de la colonia San Ignacio de esta ciudad, esto debido a las \u00faltimas lluvias que se han registrado en Tecom\u00e1n que no se generen focos de infecci\u00f3n y evitar enfermedades.<\/p>\n<p>Esta campa\u00f1a fue llevada a cabo con recursos propios y tuvo la participaci\u00f3n de todos los vecinos, que se sumaron para dejar su colonia limpia, en donde se lograron recolectar un n\u00famero importante de cacharros, que ya no estar\u00e1n en las viviendas poniendo en riesgo la salud de los habitantes del lugar.<\/p>\n<div id='gallery-1' class='gallery galleryid-12285 gallery-columns-3 gallery-size-large'><figure class='gallery-item'>\n\t\t\t<div class='gallery-icon portrait'>\n\t\t\t\t<a href='http:\/\/elobservatorio.com.mx\/?attachment_id=12286'><img loading=\"lazy\" decoding=\"async\" width=\"640\" height=\"853\" src=\"http:\/\/elobservatorio.com.mx\/wp-content\/uploads\/2020\/09\/desca3.jpg\" class=\"attachment-large size-large\" alt=\"\" srcset=\"http:\/\/elobservatorio.com.mx\/wp-content\/uploads\/2020\/09\/desca3.jpg 675w, http:\/\/elobservatorio.com.mx\/wp-content\/uploads\/2020\/09\/desca3-225x300.jpg 225w, http:\/\/elobservatorio.com.mx\/wp-content\/uploads\/2020\/09\/desca3-600x800.jpg 600w\" sizes=\"(max-width: 640px) 100vw, 640px\" \/><\/a>\n\t\t\t<\/div><\/figure><figure class='gallery-item'>\n\t\t\t<div class='gallery-icon portrait'>\n\t\t\t\t<a href='http:\/\/elobservatorio.com.mx\/?attachment_id=12287'><img loading=\"lazy\" decoding=\"async\" width=\"640\" height=\"853\" src=\"http:\/\/elobservatorio.com.mx\/wp-content\/uploads\/2020\/09\/descacha-1.jpg\" class=\"attachment-large size-large\" alt=\"\" srcset=\"http:\/\/elobservatorio.com.mx\/wp-content\/uploads\/2020\/09\/descacha-1.jpg 768w, http:\/\/elobservatorio.com.mx\/wp-content\/uploads\/2020\/09\/descacha-1-225x300.jpg 225w, http:\/\/elobservatorio.com.mx\/wp-content\/uploads\/2020\/09\/descacha-1-600x800.jpg 600w\" sizes=\"(max-width: 640px) 100vw, 640px\" \/><\/a>\n\t\t\t<\/div><\/figure><figure class='gallery-item'>\n\t\t\t<div class='gallery-icon portrait'>\n\t\t\t\t<a href='http:\/\/elobservatorio.com.mx\/?attachment_id=12288'><img loading=\"lazy\" decoding=\"async\" width=\"640\" height=\"853\" src=\"http:\/\/elobservatorio.com.mx\/wp-content\/uploads\/2020\/09\/descacha-2.jpg\" class=\"attachment-large size-large\" alt=\"\" srcset=\"http:\/\/elobservatorio.com.mx\/wp-content\/uploads\/2020\/09\/descacha-2.jpg 768w, http:\/\/elobservatorio.com.mx\/wp-content\/uploads\/2020\/09\/descacha-2-225x300.jpg 225w, http:\/\/elobservatorio.com.mx\/wp-content\/uploads\/2020\/09\/descacha-2-600x800.jpg 600w\" sizes=\"(max-width: 640px) 100vw, 640px\" \/><\/a>\n\t\t\t<\/div><\/figure>\n\t\t<\/div>\n\n<p>&nbsp;<\/p>\n","protected":false},"excerpt":{"rendered":"<p>Tecom\u00e1n Col.- El pasado lunes, el regidor Arturo Garc\u00eda Negrete llev\u00f3 un programa de descacharrizaci\u00f3n a vecinos de la colonia San Ignacio de esta ciudad, esto debido a las \u00faltimas lluvias que se han registrado en Tecom\u00e1n que no se generen focos de infecci\u00f3n y evitar enfermedades. Esta campa\u00f1a fue llevada a cabo con recursos&#8230;<\/p>\n","protected":false},"author":2,"featured_media":12288,"comment_status":"open","ping_status":"open","sticky":false,"template":"","format":"standard","meta":{"footnotes":""},"categories":[8,34],"tags":[29,30,28],"class_list":["post-12285","post","type-post","status-publish","format-standard","has-post-thumbnail","hentry","category-municipios","category-tecoman","tag-grid","tag-news","tag-slider"],"_links":{"self":[{"href":"http:\/\/elobservatorio.com.mx\/index.php?rest_route=\/wp\/v2\/posts\/12285"}],"collection":[{"href":"http:\/\/elobservatorio.com.mx\/index.php?rest_route=\/wp\/v2\/posts"}],"about":[{"href":"http:\/\/elobservatorio.com.mx\/index.php?rest_route=\/wp\/v2\/types\/post"}],"author":[{"embeddable":true,"href":"http:\/\/elobservatorio.com.mx\/index.php?rest_route=\/wp\/v2\/users\/2"}],"replies":[{"embeddable":true,"href":"http:\/\/elobservatorio.com.mx\/index.php?rest_route=%2Fwp%2Fv2%2Fcomments&post=12285"}],"version-history":[{"count":0,"href":"http:\/\/elobservatorio.com.mx\/index.php?rest_route=\/wp\/v2\/posts\/12285\/revisions"}],"wp:featuredmedia":[{"embeddable":true,"href":"http:\/\/elobservatorio.com.mx\/index.php?rest_route=\/wp\/v2\/media\/12288"}],"wp:attachment":[{"href":"http:\/\/elobservatorio.com.mx\/index.php?rest_route=%2Fwp%2Fv2%2Fmedia&parent=12285"}],"wp:term":[{"taxonomy":"category","embeddable":true,"href":"http:\/\/elobservatorio.com.mx\/index.php?rest_route=%2Fwp%2Fv2%2Fcategories&post=12285"},{"taxonomy":"post_tag","embeddable":true,"href":"http:\/\/elobservatorio.com.mx\/index.php?rest_route=%2Fwp%2Fv2%2Ftags&post=12285"}],"curies":[{"name":"wp","href":"https:\/\/api.w.org\/{rel}","templated":true}]}}