{"id":1230,"date":"2018-12-12T03:13:55","date_gmt":"2018-12-12T03:13:55","guid":{"rendered":"http:\/\/elobservatorio.com.mx\/realiza-bachillerato-6-de-tecoman-concurso-de-expresion-oral"},"modified":"2018-12-12T03:14:03","modified_gmt":"2018-12-12T03:14:03","slug":"realiza-bachillerato-6-de-tecoman-concurso-de-expresion-oral","status":"publish","type":"post","link":"http:\/\/elobservatorio.com.mx\/?p=1230","title":{"rendered":"Realiza Bachillerato 6 de Tecom\u00e1n concurso de expresi\u00f3n oral"},"content":{"rendered":"\n<p><em>*Objetivo: Fomentar valores y unir a la comunidad estudiantil.<\/em><\/p>\n\n\n\n<p>Estudiantes del Bachillerato 6 de la Universidad de Colima, ubicado en el campus de Tecom\u00e1n,realizaron un productivo concurso para promover los valores en la instituci\u00f3n y su aplicaci\u00f3n a la vida cotidiana.<\/p>\n\n\n\n<p>El concurso de expresi\u00f3n oral incluy\u00f3 poes\u00eda coral e individual y oratoria, con temas como \u201cHombre del siglo XXI\u201d, de Roberto V\u00e9lez de la Torre; otros como \u201cLa Paz\u201d, \u201cHonestidad\u201d, \u201cA los valores\u201d, \u201cEl Valiente\u201d o bien discursos como \u201cLa importancia de los valores\u201d, \u201cLa mayor crisis\u201d y \u201cLos valores, pilar de la sociedad\u201d.<\/p>\n\n\n\n<p>Luego de las presentaciones de grupos y de participantes individuales que hicieron gala de su tema y puntualizaron la importancia de vivir en sociedad con principios y valores cimentados, se otorgaron los reconocimientos. Primer lugar, Galilea Manzo.<\/p>\n\n\n\n<p>En cuanto a poes\u00eda coral, el grupo de Tercero B se llev\u00f3 el primer lugar con su presentaci\u00f3n de \u201cHombres del siglo XX\u201d, mientras que el de oratoria se lo gan\u00f3 al joven \u00c1ngel Yair Lara Huizar, con \u201cLa mayor crisis\u201d.<\/p>\n\n\n\n<p>La directora del plantel, Gabriela Aldape Sotelo, agradeci\u00f3 la participaci\u00f3n de los estudiantes para concretar este primer concurso de expresi\u00f3n oral: \u201cEstos ejercicios se requieren para que nos unamos y participemos en actividades de car\u00e1cter cultural; reconozco el esfuerzo de cada uno de los alumnos que se comprometieron con su propio crecimiento, pues estar al frente y dirigirse a un p\u00fablico no es una tarea f\u00e1cil\u201d.<\/p>\n\n\n\n<p>Por \u00faltimo, agradeci\u00f3 a los alumnos por cada mensaje y por la invitaci\u00f3n a lograr el M\u00e9xico que todos queremos, \u201cdonde sus ciudadanos se comprometan para que efectivamente sea un mejor pa\u00eds; felicidades por este gran esfuerzo\u201d, concluy\u00f3.<\/p>\n","protected":false},"excerpt":{"rendered":"<p>*Objetivo: Fomentar valores y unir a la comunidad estudiantil. Estudiantes del Bachillerato 6 de la Universidad de Colima, ubicado en el campus de Tecom\u00e1n,realizaron un productivo concurso para promover los valores en la instituci\u00f3n y su aplicaci\u00f3n a la vida cotidiana. El concurso de expresi\u00f3n oral incluy\u00f3 poes\u00eda coral e individual y oratoria, con temas&#8230;<\/p>\n","protected":false},"author":2,"featured_media":1231,"comment_status":"open","ping_status":"open","sticky":false,"template":"","format":"standard","meta":{"footnotes":""},"categories":[14],"tags":[29,30,28],"class_list":["post-1230","post","type-post","status-publish","format-standard","has-post-thumbnail","hentry","category-educacion-y-cultura","tag-grid","tag-news","tag-slider"],"_links":{"self":[{"href":"http:\/\/elobservatorio.com.mx\/index.php?rest_route=\/wp\/v2\/posts\/1230"}],"collection":[{"href":"http:\/\/elobservatorio.com.mx\/index.php?rest_route=\/wp\/v2\/posts"}],"about":[{"href":"http:\/\/elobservatorio.com.mx\/index.php?rest_route=\/wp\/v2\/types\/post"}],"author":[{"embeddable":true,"href":"http:\/\/elobservatorio.com.mx\/index.php?rest_route=\/wp\/v2\/users\/2"}],"replies":[{"embeddable":true,"href":"http:\/\/elobservatorio.com.mx\/index.php?rest_route=%2Fwp%2Fv2%2Fcomments&post=1230"}],"version-history":[{"count":0,"href":"http:\/\/elobservatorio.com.mx\/index.php?rest_route=\/wp\/v2\/posts\/1230\/revisions"}],"wp:featuredmedia":[{"embeddable":true,"href":"http:\/\/elobservatorio.com.mx\/index.php?rest_route=\/wp\/v2\/media\/1231"}],"wp:attachment":[{"href":"http:\/\/elobservatorio.com.mx\/index.php?rest_route=%2Fwp%2Fv2%2Fmedia&parent=1230"}],"wp:term":[{"taxonomy":"category","embeddable":true,"href":"http:\/\/elobservatorio.com.mx\/index.php?rest_route=%2Fwp%2Fv2%2Fcategories&post=1230"},{"taxonomy":"post_tag","embeddable":true,"href":"http:\/\/elobservatorio.com.mx\/index.php?rest_route=%2Fwp%2Fv2%2Ftags&post=1230"}],"curies":[{"name":"wp","href":"https:\/\/api.w.org\/{rel}","templated":true}]}}