{"id":12365,"date":"2020-09-15T13:53:42","date_gmt":"2020-09-15T18:53:42","guid":{"rendered":"http:\/\/elobservatorio.com.mx\/?p=12365"},"modified":"2020-09-15T13:53:42","modified_gmt":"2020-09-15T18:53:42","slug":"oscar-avalos-reune-a-integrantes-de-grupo-de-whatsapp-y-comparte-su-proyecto-politico","status":"publish","type":"post","link":"http:\/\/elobservatorio.com.mx\/?p=12365","title":{"rendered":"Oscar Avalos re\u00fane a integrantes de grupo de whatsApp y comparte su proyecto pol\u00edtico"},"content":{"rendered":"<p><em>*El aspirante a la gubernatura, ofreci\u00f3 una comida a un grupo de ciudadanos entre los que destacan periodistas, analistas, empresarios, comerciantes y profesionistas, todos integrantes de un grupo llamado Libertad de Expresi\u00f3n.<\/em><\/p>\n<p>Tecom\u00e1n Col.- Cuidando la sana distancia y los protocolos de salud ante la pandemia, el d\u00eda de ayer se reuni\u00f3 el Ing. Oscar Avalos Verdugo con un grupo de ciudadanos a quienes ofreci\u00f3 una comida, esto con motivo de convivir y adem\u00e1s compartirles su proyecto pol\u00edtico.<\/p>\n<p>Dicha reuni\u00f3n se llev\u00f3 a cabo a iniciativa de Rafael Mendoza Nazarit, propietario de Mofles Meca e integrante del grupo, quien quince d\u00edas antes ofreci\u00f3 tambi\u00e9n una comida, adem\u00e1s para conocer y dialogar personalmente con los diferentes personajes integrantes de dicho grupo que a trav\u00e9s de esa plataforma,\u00a0 han manifestado sus opiniones y puntos de vista en diversos temas, sin que se les coarte este derecho de opinar y expresarse libremente.<\/p>\n<p>A la comida de ayer, asistieron tambi\u00e9n algunos medios de comunicaci\u00f3n de Manzanillo, as\u00ed como de Colima, representantes de las barras y colegios de abogados, profesionistas, empresarios,etc, etc quienes convivieron y escucharon el proyecto pol\u00edtico del ing Oscar Avalos Verdugo, pero sobretodo, la finalidad es seguir conservando\u00a0 esos lazos de amistad que a trav\u00e9s de ese grupo nos reuni\u00f3.<\/p>\n<p>Cabe se\u00f1alar que dicho grupo lo cre\u00f3 la abogada Ma de los Angeles Rodriguez Silva y el periodista Pablo \u00c1vila Mart\u00ednez, su finalidad es aglutinar a ciudadanos de diferentes ideolog\u00edas pol\u00edticas, pero todos caminando en un mismo rumbo: buscar lo mejor para Tecom\u00e1n y el Estado y exigiendo que quienes nos representan nos den resultados<\/p>\n<p><em>PIE DE FOTO: Oscar Avalos es entrevistado por la reportera Anil\u00fa Salazar, colaboradora de este medio de comunicaci\u00f3n<\/em><\/p>\n<p>&nbsp;<\/p>\n<p>&nbsp;<\/p>\n","protected":false},"excerpt":{"rendered":"<p>*El aspirante a la gubernatura, ofreci\u00f3 una comida a un grupo de ciudadanos entre los que destacan periodistas, analistas, empresarios, comerciantes y profesionistas, todos integrantes de un grupo llamado Libertad de Expresi\u00f3n. Tecom\u00e1n Col.- Cuidando la sana distancia y los protocolos de salud ante la pandemia, el d\u00eda de ayer se reuni\u00f3 el Ing. Oscar&#8230;<\/p>\n","protected":false},"author":2,"featured_media":12366,"comment_status":"open","ping_status":"open","sticky":false,"template":"","format":"standard","meta":{"footnotes":""},"categories":[52,10],"tags":[29,30,28],"class_list":["post-12365","post","type-post","status-publish","format-standard","has-post-thumbnail","hentry","category-elecciones-2021","category-politica","tag-grid","tag-news","tag-slider"],"_links":{"self":[{"href":"http:\/\/elobservatorio.com.mx\/index.php?rest_route=\/wp\/v2\/posts\/12365"}],"collection":[{"href":"http:\/\/elobservatorio.com.mx\/index.php?rest_route=\/wp\/v2\/posts"}],"about":[{"href":"http:\/\/elobservatorio.com.mx\/index.php?rest_route=\/wp\/v2\/types\/post"}],"author":[{"embeddable":true,"href":"http:\/\/elobservatorio.com.mx\/index.php?rest_route=\/wp\/v2\/users\/2"}],"replies":[{"embeddable":true,"href":"http:\/\/elobservatorio.com.mx\/index.php?rest_route=%2Fwp%2Fv2%2Fcomments&post=12365"}],"version-history":[{"count":0,"href":"http:\/\/elobservatorio.com.mx\/index.php?rest_route=\/wp\/v2\/posts\/12365\/revisions"}],"wp:featuredmedia":[{"embeddable":true,"href":"http:\/\/elobservatorio.com.mx\/index.php?rest_route=\/wp\/v2\/media\/12366"}],"wp:attachment":[{"href":"http:\/\/elobservatorio.com.mx\/index.php?rest_route=%2Fwp%2Fv2%2Fmedia&parent=12365"}],"wp:term":[{"taxonomy":"category","embeddable":true,"href":"http:\/\/elobservatorio.com.mx\/index.php?rest_route=%2Fwp%2Fv2%2Fcategories&post=12365"},{"taxonomy":"post_tag","embeddable":true,"href":"http:\/\/elobservatorio.com.mx\/index.php?rest_route=%2Fwp%2Fv2%2Ftags&post=12365"}],"curies":[{"name":"wp","href":"https:\/\/api.w.org\/{rel}","templated":true}]}}