{"id":12421,"date":"2020-09-17T16:14:32","date_gmt":"2020-09-17T21:14:32","guid":{"rendered":"http:\/\/elobservatorio.com.mx\/?p=12421"},"modified":"2020-09-17T16:14:32","modified_gmt":"2020-09-17T21:14:32","slug":"es-la-oportunidad-de-impulsar-caras-nuevas-en-la-politica-mendoza-nazarit","status":"publish","type":"post","link":"http:\/\/elobservatorio.com.mx\/?p=12421","title":{"rendered":"Es la oportunidad de impulsar caras nuevas en la pol\u00edtica: Mendoza Nazarit"},"content":{"rendered":"<p><em>*El comerciante, propietario de Mofles Meca dijo que su \u00fanico deseo es que dejen de valorar a la gente por una despensa, cuando realmente la familia y la dignidad es invaluable<\/em><\/p>\n<p>Belisario Romero S\u00e1nchez | El Observatorio<\/p>\n<p>[PRIMERA DE DOS PARTES]<\/p>\n<p>Tecom\u00e1n Col.- Reunidos en conocido restaurante, corrimos con la suerte de que quiz\u00e1s por el horario vespertino de este d\u00eda mi\u00e9rcoles, el lugar luc\u00eda vac\u00edo, \u00e9ramos los \u00fanicos comensales que acudimos ah\u00ed con el fin de dialogar sobre lo que se avecina electoralmente en el 2021.<\/p>\n<p>El entrevistado fue el comerciante, dedicado al ramo de mofles en Tecom\u00e1n, <strong>Rafael Mendoza Nazarit<\/strong>, propietario de Mofles Meca, quien d\u00edas antes hab\u00eda manifestado de forma privada el inter\u00e9s de buscar en este 2021 un espacio en la pol\u00edtica local- a\u00fan sin definir cu\u00e1l-.<\/p>\n<p>Cabe se\u00f1alar que Rafa Mendoza no es pol\u00edtico, no habla como pol\u00edtico, es un ciudadano que se ha dedicado 17 a\u00f1os a su negocio que le ha dado lo suficiente para vivir, comprar su casa, darles estudio a sus dos hijos los cuales ya tienen una profesi\u00f3n y adem\u00e1s ayudar a la gente de forma altruista, tambi\u00e9n es un hombre creyente de Dios y de fe.<\/p>\n<p><strong>BRS: \u00bfQui\u00e9n es Rafa Mendoza? \u00bfQu\u00e9 pretende? \u00bfPor qu\u00e9 apareci\u00f3 de repente en el escenario pol\u00edtico?<\/strong><\/p>\n<p>RM: Me conociste hace poco y eso es lo que te trajo tambi\u00e9n a la entrevista, motivado por esa inquietud. Soy originario de Tecolapa, tengo 33 a\u00f1os viviendo en Tecom\u00e1n, casado con <strong>Griselda Castrej\u00f3n G\u00f3mez<\/strong> con 28 a\u00f1os de matrimonio, \u00a0tengo dos hijos y un nieto, mi hija Daniela Alejandra, Licenciada en Gastronom\u00eda, egresada de la Universidad de Colima y mi hijo Rafael Josafat Mendoza, \u00a0Ingeniero Civil, labora en el Puerto de Manzanillo<\/p>\n<p>Ahora en la pandemia tuve la oportunidad de apoyar a la gente que m\u00e1s lo necesita, labor altruista que he venido haciendo por a\u00f1os, he visto de cerca, \u00a0con los ojos y el coraz\u00f3n la necesidad que hay. He visto c\u00f3mo vive mucha gente y c\u00f3mo viven muchos que se dicen pol\u00edticos y de ver esa injusticia, me doli\u00f3 porque la gente tiene mucha necesidad y ellos viven como reyes. Creo que alguien que no le duele ver c\u00f3mo viven esas personas, \u00a0no s\u00e9 qu\u00e9 coraz\u00f3n tienen, ver c\u00f3mo est\u00e1n sufriendo y no hacer nada, piensan que tan s\u00f3lo con llevarles una despensa cada tres a\u00f1os, la verdad como dijera Cantinflas <strong>\u00a1da coraje!<\/strong><\/p>\n<p>Veo muchos comentarios de la gente que dice que se queja en redes de que \u00a0son siempre los mismos, \u00a0que todos son iguales, buscan el hueso y al llegar se les olvida, est\u00e1n ya bien devaluados, desacreditados\u2026y cambiarle el chip a la gente no es cosa f\u00e1cil porque as\u00ed se la han pasado, siempre son los mismos diputados,\u00a0 presidente \u00a0municipal,\u00a0 senador, nom\u00e1s \u00a0andan brincando de puesto en puesto e incluso de partido y son los mismos porque lo hemos permitido, y eso pretendo, evitarlos y decirle a la gente que vayamos participando, que vayamos caras nuevas a hacer mejor las cosas.<\/p>\n<p><strong>BRS: \u00bfQUE CARGO O CANDIDATURA ASPIRAS?<\/strong><\/p>\n<p>RM: No quiero o busco un espacio o alg\u00fan cargo en la pol\u00edtica, solo pretendo que esto cambie ya. En mi labor altruista me he dado cuenta que hay mucha necesidad, que esto ya debe cambiar, el que los pol\u00edticos nom\u00e1s se dediquen a regalar\u00a0 despensas no vamos a terminar con la necesidad y el hambre. <strong>Que me perdonen los pol\u00edticos, pero veo y siento que lo hacen por querer seguir en esto,\u00a0 ya se acostumbraron a vivir de la pol\u00edtica. No me gana la ambici\u00f3n, tengo mi negocio que me ha dado para vivir y ayudar al pr\u00f3jimo<\/strong><\/p>\n<p>Que quede bien claro que no me interesa el dinero, cuando nos vayamos de este mundo nada nos vamos a llevar, lucho por tener lo que quiero pero trabajando honestamente, me duele ver como muchos juegan y lucran con el hambre de la gente, por eso pretendo tratar de concientizar a la gente de que valen m\u00e1s que una despensa y que no hay que perder la dignidad por un plato de lentejas.<\/p>\n<p><em>Continuar\u00e1 la segunda y \u00faltima parte \u2026<\/em>.<\/p>\n","protected":false},"excerpt":{"rendered":"<p>*El comerciante, propietario de Mofles Meca dijo que su \u00fanico deseo es que dejen de valorar a la gente por una despensa, cuando realmente la familia y la dignidad es invaluable Belisario Romero S\u00e1nchez | El Observatorio [PRIMERA DE DOS PARTES] Tecom\u00e1n Col.- Reunidos en conocido restaurante, corrimos con la suerte de que quiz\u00e1s por&#8230;<\/p>\n","protected":false},"author":2,"featured_media":12422,"comment_status":"open","ping_status":"open","sticky":false,"template":"","format":"standard","meta":{"footnotes":""},"categories":[52,43],"tags":[29,30,28],"class_list":["post-12421","post","type-post","status-publish","format-standard","has-post-thumbnail","hentry","category-elecciones-2021","category-entrevista","tag-grid","tag-news","tag-slider"],"_links":{"self":[{"href":"http:\/\/elobservatorio.com.mx\/index.php?rest_route=\/wp\/v2\/posts\/12421"}],"collection":[{"href":"http:\/\/elobservatorio.com.mx\/index.php?rest_route=\/wp\/v2\/posts"}],"about":[{"href":"http:\/\/elobservatorio.com.mx\/index.php?rest_route=\/wp\/v2\/types\/post"}],"author":[{"embeddable":true,"href":"http:\/\/elobservatorio.com.mx\/index.php?rest_route=\/wp\/v2\/users\/2"}],"replies":[{"embeddable":true,"href":"http:\/\/elobservatorio.com.mx\/index.php?rest_route=%2Fwp%2Fv2%2Fcomments&post=12421"}],"version-history":[{"count":0,"href":"http:\/\/elobservatorio.com.mx\/index.php?rest_route=\/wp\/v2\/posts\/12421\/revisions"}],"wp:featuredmedia":[{"embeddable":true,"href":"http:\/\/elobservatorio.com.mx\/index.php?rest_route=\/wp\/v2\/media\/12422"}],"wp:attachment":[{"href":"http:\/\/elobservatorio.com.mx\/index.php?rest_route=%2Fwp%2Fv2%2Fmedia&parent=12421"}],"wp:term":[{"taxonomy":"category","embeddable":true,"href":"http:\/\/elobservatorio.com.mx\/index.php?rest_route=%2Fwp%2Fv2%2Fcategories&post=12421"},{"taxonomy":"post_tag","embeddable":true,"href":"http:\/\/elobservatorio.com.mx\/index.php?rest_route=%2Fwp%2Fv2%2Ftags&post=12421"}],"curies":[{"name":"wp","href":"https:\/\/api.w.org\/{rel}","templated":true}]}}