{"id":12426,"date":"2020-09-18T21:00:50","date_gmt":"2020-09-19T02:00:50","guid":{"rendered":"http:\/\/elobservatorio.com.mx\/?p=12426"},"modified":"2020-09-18T21:00:50","modified_gmt":"2020-09-19T02:00:50","slug":"reitera-gobierno-del-estado-invitacion-a-participar-en-medio-maraton-virtual","status":"publish","type":"post","link":"http:\/\/elobservatorio.com.mx\/?p=12426","title":{"rendered":"Reitera Gobierno del Estado invitaci\u00f3n a participar en Medio Marat\u00f3n Virtual"},"content":{"rendered":"<p class=\"x_MsoNormal\"><i>*Este evento deportivo se realizar\u00e1, de manera virtual, del 9 al 11 de octubre<\/i><\/p>\n<p class=\"x_MsoNormal\">El Gobierno del Estado a trav\u00e9s de la Secretaria de Turismo y del Instituto Colimense del Deporte reiteraron la invitaci\u00f3n a participar en el Medio Marat\u00f3n Virtual Colima 2020, \u201cDel Mar a la Monta\u00f1a\u201d, a realizarse del 9 al 11 de octubre a trav\u00e9s de la plataforma de Reto de Altura, la cual, est\u00e1 impulsando a nivel nacional estas competencias en esta modalidad.<\/p>\n<p class=\"x_MsoNormal\">A trav\u00e9s de la p\u00e1gina de Facebook: Instituto Colimense del Deporte, la Secretaria de Turismo, Mara I\u00f1iguez, resalt\u00f3 la importancia de ejercitarse y realizar actividad f\u00edsica, adem\u00e1s de promocionar los destinos tur\u00edsticos de origen; ya que, afirm\u00f3: \u201cColima es un lugar con una infinidad de bondades que ofrecer al turista, por lo que estoy agradecida porque este evento deportivo llev\u00e9 el slogan: Del Mar a la Monta\u00f1a\u201d.<\/p>\n<p class=\"x_MsoNormal\">Por su parte, la directora general del Incode, Ciria Salazar, coment\u00f3 que para participar en este evento deportivo en l\u00ednea, se necesita descargar una aplicaci\u00f3n en donde se suben los tiempos para generar la evidencia de su participaci\u00f3n, y as\u00ed al concluir les llegue el kit de ganador.<\/p>\n<p class=\"x_MsoNormal\">Detall\u00f3 que este evento iniciar\u00e1 el 9 y concluir\u00e1 el 11 de octubre, corri\u00e9ndose en todo el mundo de manera virtual desde su ciudad o pa\u00eds de origen. Las inscripciones se deber\u00e1n de hacer en la p\u00e1gina https:\/\/www.retodealtura.mx\/inscripcion y para mayor informaci\u00f3n a los n\u00fameros de whatsapp: 7712026009 y 3121411287,\u00a0 y al correo: contacto@retodealtura.mx.<\/p>\n<p class=\"x_MsoNormal\">Cabe destacar que durante la transmisi\u00f3n realizada en vivo a trav\u00e9s de la p\u00e1gina del Incode, se llev\u00f3 a cabo una din\u00e1mica de preguntas, en la que resultaron ganadores de tres cortes\u00edas Felipe Medina Le\u00f3n, Marco Polo Espino y Lorena Acosta.<\/p>\n<p class=\"x_MsoNormal\">Tambi\u00e9n estuvo presente el delegado de la Comisi\u00f3n Mexicana de Turismo Deportivos de Colima, Luis Roberto Larios Carrasco, quien resalt\u00f3 la importancia que dos dependencias gubernamentales est\u00e9n tan unidas por un mismo fin que es el turismo deportivo.<\/p>\n<p class=\"x_MsoNormal\">Cabe destacar que a las y los colimenses se les har\u00e1n un descuento en su inscripci\u00f3n del 50%, por lo que el costo de \u00e9ste ser\u00e1 de 250 pesos.<\/p>\n","protected":false},"excerpt":{"rendered":"<p>*Este evento deportivo se realizar\u00e1, de manera virtual, del 9 al 11 de octubre El Gobierno del Estado a trav\u00e9s de la Secretaria de Turismo y del Instituto Colimense del Deporte reiteraron la invitaci\u00f3n a participar en el Medio Marat\u00f3n Virtual Colima 2020, \u201cDel Mar a la Monta\u00f1a\u201d, a realizarse del 9 al 11 de&#8230;<\/p>\n","protected":false},"author":2,"featured_media":12427,"comment_status":"open","ping_status":"open","sticky":false,"template":"","format":"standard","meta":{"footnotes":""},"categories":[21],"tags":[29,30,28],"class_list":["post-12426","post","type-post","status-publish","format-standard","has-post-thumbnail","hentry","category-deportes","tag-grid","tag-news","tag-slider"],"_links":{"self":[{"href":"http:\/\/elobservatorio.com.mx\/index.php?rest_route=\/wp\/v2\/posts\/12426"}],"collection":[{"href":"http:\/\/elobservatorio.com.mx\/index.php?rest_route=\/wp\/v2\/posts"}],"about":[{"href":"http:\/\/elobservatorio.com.mx\/index.php?rest_route=\/wp\/v2\/types\/post"}],"author":[{"embeddable":true,"href":"http:\/\/elobservatorio.com.mx\/index.php?rest_route=\/wp\/v2\/users\/2"}],"replies":[{"embeddable":true,"href":"http:\/\/elobservatorio.com.mx\/index.php?rest_route=%2Fwp%2Fv2%2Fcomments&post=12426"}],"version-history":[{"count":0,"href":"http:\/\/elobservatorio.com.mx\/index.php?rest_route=\/wp\/v2\/posts\/12426\/revisions"}],"wp:featuredmedia":[{"embeddable":true,"href":"http:\/\/elobservatorio.com.mx\/index.php?rest_route=\/wp\/v2\/media\/12427"}],"wp:attachment":[{"href":"http:\/\/elobservatorio.com.mx\/index.php?rest_route=%2Fwp%2Fv2%2Fmedia&parent=12426"}],"wp:term":[{"taxonomy":"category","embeddable":true,"href":"http:\/\/elobservatorio.com.mx\/index.php?rest_route=%2Fwp%2Fv2%2Fcategories&post=12426"},{"taxonomy":"post_tag","embeddable":true,"href":"http:\/\/elobservatorio.com.mx\/index.php?rest_route=%2Fwp%2Fv2%2Ftags&post=12426"}],"curies":[{"name":"wp","href":"https:\/\/api.w.org\/{rel}","templated":true}]}}