{"id":12454,"date":"2020-09-19T15:08:36","date_gmt":"2020-09-19T20:08:36","guid":{"rendered":"http:\/\/elobservatorio.com.mx\/?p=12454"},"modified":"2020-09-19T15:08:36","modified_gmt":"2020-09-19T20:08:36","slug":"mi-familia-el-tesoro-mas-grande-que-dios-me-ha-regalado-rafael-mendoza","status":"publish","type":"post","link":"http:\/\/elobservatorio.com.mx\/?p=12454","title":{"rendered":"Mi familia, el tesoro m\u00e1s grande que Dios me ha regalado: Rafael Mendoza"},"content":{"rendered":"<p><em>*Cuando traes arraigados los principios religiosos, familiares y personales, no tienes por qu\u00e9 andar ambicionando riquezas materiales, que despu\u00e9s ya no puedas mirar de frente a tus hijos porque adem\u00e1s en la calle te se\u00f1alar\u00e1n como un ratero o corrupto, dice el ciudadano tecomense.<\/em><\/p>\n<p>Belisario Romero | El Observatorio<\/p>\n<p>SEGUNDA Y \u00daLTIMA PARTE DE LA ENTREVISTA<\/p>\n<p>Tecom\u00e1n Col.-Varias veces me han invitado a manifestaciones a la presidencia municipal, al congreso estatal, por ejemplo cuando una ley que est\u00e1n haciendo a su modo, a la idea de los diputados, porque se creen \u00fanicos, que no tiene nadie que les reclame nada.<\/p>\n<p>As\u00ed lo dijo <strong>Rafael Mendoza Nazarit<\/strong>, empresario tecomense, propietario de <em>Mofles Meca<\/em> en la continuaci\u00f3n de la entrevista que dio a este medio de comunicaci\u00f3n, agregando que tras lo anterior, ya no estamos para estarnos manifestando, precisamente porque no logramos evitar que lleguen representantes populares que son m\u00e1s de lo mismo, si participamos m\u00e1s, dejar\u00edamos de quejarnos menos\u201d.<\/p>\n<p>Se\u00f1al\u00f3 que ya no debemos de votar por alguien que desde un principio se eligi\u00f3 mal, tenemos que hacerlo por alguien que vaya acorde a nuestros principios y valores, y no andar despu\u00e9s queriendo hacer manifestaciones para pedirle que hagan bien su trabajo, abund\u00f3<\/p>\n<p>\u201cMe queda claro y\u00a0 estoy seguro de lo que estoy diciendo. Primero amo y respeto a mi familia,\u00a0 a mi esposa, hijos, todo el n\u00facleo familiar. Y lo que si me preocupa es que hablaran de m\u00ed en la calle, que me se\u00f1alaran de corrupto, hip\u00f3crita, que nom\u00e1s llegu\u00e9 al cargo y hasta camioneta nueva compr\u00e9, rancho, otra casa, que incluso ya no le hablo ni saludo a la gente, eso s\u00ed me dar\u00eda verg\u00fcenza, mejor renuncio porque yo si amo a mi familia\u201d.<\/p>\n<p>Muchos me conocen y saben que hip\u00f3crita no soy, \u00a0a muchos les duele eso porque les hablo de frente y directo, pero con respeto, estoy en contra de que lucren pol\u00edticamente con el hambre y que la gente pierda\u00a0 la dignidad por un plato de lentejas o \u00a0frijoles, dijo Mendoza Nazarit<\/p>\n<p>A pregunta expresa de que si lograra llegar a un cargo p\u00fablico no caer\u00eda a lo mismo que tanto se ha criticado y hartado a la sociedad, coment\u00f3.<\/p>\n<p>\u201cEstoy dispuesto que los medios y quien sea en mi cara me lo refrieguen si alg\u00fan d\u00eda llego a un cargo y falle a mis principios, aunque la verdad si alguien me invita a alg\u00fan proyecto lo pensar\u00e9 porque con qui\u00e9n vaya necesita ser alguien similar a mis ideolog\u00edas, que anteponga primero los principios y valores, amor al pr\u00f3jimo, tengo 55 a\u00f1os y ser\u00eda ir en contra de mis principios religiosos que por esos a\u00f1os he luchado y defendido\u201d.<\/p>\n<p><b>\u00bfComo ciudadano tienes algo de qu\u00e9 avergonzarte?<\/b><\/p>\n<p>No hay nada de lo que yo me tenga que avergonzar, \u00a0las veces que he cometido errores he tenido el valor suficiente para pedir perd\u00f3n, no disculpas, soy un hombre sencillo, con un negocio rentable, no tengo necesidad de ambicionar riqueza o dinero malhabido. Lo \u00fanico que quiero es seguir siendo feliz<\/p>\n<p>\u201cLo que estamos hablando est\u00e1 quedando \u00a0grabado y te lo pido de favor, \u00a0guarda esa grabaci\u00f3n por si alg\u00fan d\u00eda falle en mi palabra, tanto como los medios y quien quiera me lo pueda restregar en mi cara\u201d.<\/p>\n<p>Estoy en esta entrevista y en ning\u00fan momento hablo ni habl\u00e9 mal de nadie, vine a hablar de m\u00ed y no porque tenga aspiraci\u00f3n alguna, sino porque tengo la obligaci\u00f3n como ciudadano de subirme el caballo, \u00a0tope lo que tope, \u00a0por amor y agradecimiento a Dios y al pr\u00f3jimo, adem\u00e1s \u00a0tengo que decir mi sentir.<\/p>\n<p>El \u00fanico inter\u00e9s que me mueve es que si hay m\u00e1s gente que se quiera sumar como candidato que se sume, la uni\u00f3n hace la fuerza para bien, hay mucha gente queriendo que esto se solucione, \u00a0aunque no quieran participar en pol\u00edtica.\u00a0 Yo no soy pol\u00edtico, la necesidad y la crisis econ\u00f3mica, la situaci\u00f3n que estamos viviendo en nuestro municipio y pa\u00eds, es lo que me est\u00e1 convenciendo porque ya no quiero seguir criticando y haciendo corajes por redes sociales<\/p>\n<p>\u201cEllos(pol\u00edticos) \u00a0hacen y deshacen porque son \u00fanicos porque no tienen m\u00e1s, nadie les hace sombra, estamos viendo como nos fallan y los andamos apoyando otra vez, fui uno de esos, apoy\u00e9 a un diputado en funciones cuando andaba de candidato, le regal\u00e9 uniformes deportivos, me di cuenta que comet\u00ed el error de apoyarlo.<\/p>\n<p>Quisiera saber qu\u00e9 \u00a0han hecho por el pueblo, qu\u00e9 iniciativas han presentado a favor de las mayor\u00edas, no s\u00f3lo de aprobar descuentos en el pago del predial ni agua, sino que deben hasta pagarles de su bolsa a la gente m\u00e1s humilde, \u00a0aunque tampoco votamos para que anden regalando despensas.<\/p>\n<p>Vemos que a ellos si les va bien como pol\u00edticos, antes no ten\u00edan carro y ya lo tienen, quieren seguir en el poder porque ahora van por la casa y por propiedades. Gracias a Dios no tengo necesidad de andar haciendo eso,\u00a0 mi negocio me ha dado lo necesario para ser feliz, mis hijos \u00a0ya son profesionistas y tambi\u00e9n Dios \u00a0me ha dado para ayudar al pr\u00f3jimo, \u201cporque nadie es tan pobre que no tengo algo para dar\u201d. Concluy\u00f3<\/p>\n","protected":false},"excerpt":{"rendered":"<p>*Cuando traes arraigados los principios religiosos, familiares y personales, no tienes por qu\u00e9 andar ambicionando riquezas materiales, que despu\u00e9s ya no puedas mirar de frente a tus hijos porque adem\u00e1s en la calle te se\u00f1alar\u00e1n como un ratero o corrupto, dice el ciudadano tecomense. Belisario Romero | El Observatorio SEGUNDA Y \u00daLTIMA PARTE DE LA&#8230;<\/p>\n","protected":false},"author":2,"featured_media":12139,"comment_status":"open","ping_status":"open","sticky":false,"template":"","format":"standard","meta":{"footnotes":""},"categories":[43,10],"tags":[29,30,28],"class_list":["post-12454","post","type-post","status-publish","format-standard","has-post-thumbnail","hentry","category-entrevista","category-politica","tag-grid","tag-news","tag-slider"],"_links":{"self":[{"href":"http:\/\/elobservatorio.com.mx\/index.php?rest_route=\/wp\/v2\/posts\/12454"}],"collection":[{"href":"http:\/\/elobservatorio.com.mx\/index.php?rest_route=\/wp\/v2\/posts"}],"about":[{"href":"http:\/\/elobservatorio.com.mx\/index.php?rest_route=\/wp\/v2\/types\/post"}],"author":[{"embeddable":true,"href":"http:\/\/elobservatorio.com.mx\/index.php?rest_route=\/wp\/v2\/users\/2"}],"replies":[{"embeddable":true,"href":"http:\/\/elobservatorio.com.mx\/index.php?rest_route=%2Fwp%2Fv2%2Fcomments&post=12454"}],"version-history":[{"count":0,"href":"http:\/\/elobservatorio.com.mx\/index.php?rest_route=\/wp\/v2\/posts\/12454\/revisions"}],"wp:featuredmedia":[{"embeddable":true,"href":"http:\/\/elobservatorio.com.mx\/index.php?rest_route=\/wp\/v2\/media\/12139"}],"wp:attachment":[{"href":"http:\/\/elobservatorio.com.mx\/index.php?rest_route=%2Fwp%2Fv2%2Fmedia&parent=12454"}],"wp:term":[{"taxonomy":"category","embeddable":true,"href":"http:\/\/elobservatorio.com.mx\/index.php?rest_route=%2Fwp%2Fv2%2Fcategories&post=12454"},{"taxonomy":"post_tag","embeddable":true,"href":"http:\/\/elobservatorio.com.mx\/index.php?rest_route=%2Fwp%2Fv2%2Ftags&post=12454"}],"curies":[{"name":"wp","href":"https:\/\/api.w.org\/{rel}","templated":true}]}}