{"id":12456,"date":"2020-09-19T20:23:32","date_gmt":"2020-09-20T01:23:32","guid":{"rendered":"http:\/\/elobservatorio.com.mx\/?p=12456"},"modified":"2020-09-19T20:23:32","modified_gmt":"2020-09-20T01:23:32","slug":"en-tecoman-catean-domicilio-en-la-san-jose-y-detienen-a-una-persona-con-narcoticos","status":"publish","type":"post","link":"http:\/\/elobservatorio.com.mx\/?p=12456","title":{"rendered":"En Tecom\u00e1n, catean domicilio en la San Jos\u00e9 y detienen a una persona con narc\u00f3ticos"},"content":{"rendered":"<p><em>*Se asegura inmueble en la colonia San Jos\u00e9 de Tecom\u00e1n<\/em><\/p>\n<p>Un detenido, aseguramiento de narc\u00f3tico y un inmueble asegurado fue el saldo de un cateo realizado en la Colonia San Jos\u00e9 de Tecom\u00e1n.<\/p>\n<p>En cumplimiento a una orden de cateo concedida por el juez de control, la polic\u00eda investigadora localiz\u00f3 diversos envoltorios de pl\u00e1stico con narc\u00f3tico y detuvo a un hombre en el interior del lugar de los hechos.<\/p>\n<p>La Fiscal\u00eda de Colima sigue trabajando en la ejecuci\u00f3n de este tipo de ordenamientos en los diez municipios del Estado, a fin de continuar combatiendo la venta y distribuci\u00f3n de sustancias prohibidas, as\u00ed como lograr que quienes resulten responsables sean llevados ante la justicia.<\/p>\n<p>Por ello, para la Fiscal\u00eda es importante la colaboraci\u00f3n de la sociedad a trav\u00e9s de la denuncia an\u00f3nima a la l\u00ednea 089, y el reporte de emergencias al 911, por lo que se invita a seguirlas realizando de manera responsable.<\/p>\n","protected":false},"excerpt":{"rendered":"<p>*Se asegura inmueble en la colonia San Jos\u00e9 de Tecom\u00e1n Un detenido, aseguramiento de narc\u00f3tico y un inmueble asegurado fue el saldo de un cateo realizado en la Colonia San Jos\u00e9 de Tecom\u00e1n. En cumplimiento a una orden de cateo concedida por el juez de control, la polic\u00eda investigadora localiz\u00f3 diversos envoltorios de pl\u00e1stico con&#8230;<\/p>\n","protected":false},"author":2,"featured_media":12457,"comment_status":"open","ping_status":"open","sticky":false,"template":"","format":"standard","meta":{"footnotes":""},"categories":[15],"tags":[29,30,28],"class_list":["post-12456","post","type-post","status-publish","format-standard","has-post-thumbnail","hentry","category-seguridad-y-justicia","tag-grid","tag-news","tag-slider"],"_links":{"self":[{"href":"http:\/\/elobservatorio.com.mx\/index.php?rest_route=\/wp\/v2\/posts\/12456"}],"collection":[{"href":"http:\/\/elobservatorio.com.mx\/index.php?rest_route=\/wp\/v2\/posts"}],"about":[{"href":"http:\/\/elobservatorio.com.mx\/index.php?rest_route=\/wp\/v2\/types\/post"}],"author":[{"embeddable":true,"href":"http:\/\/elobservatorio.com.mx\/index.php?rest_route=\/wp\/v2\/users\/2"}],"replies":[{"embeddable":true,"href":"http:\/\/elobservatorio.com.mx\/index.php?rest_route=%2Fwp%2Fv2%2Fcomments&post=12456"}],"version-history":[{"count":0,"href":"http:\/\/elobservatorio.com.mx\/index.php?rest_route=\/wp\/v2\/posts\/12456\/revisions"}],"wp:featuredmedia":[{"embeddable":true,"href":"http:\/\/elobservatorio.com.mx\/index.php?rest_route=\/wp\/v2\/media\/12457"}],"wp:attachment":[{"href":"http:\/\/elobservatorio.com.mx\/index.php?rest_route=%2Fwp%2Fv2%2Fmedia&parent=12456"}],"wp:term":[{"taxonomy":"category","embeddable":true,"href":"http:\/\/elobservatorio.com.mx\/index.php?rest_route=%2Fwp%2Fv2%2Fcategories&post=12456"},{"taxonomy":"post_tag","embeddable":true,"href":"http:\/\/elobservatorio.com.mx\/index.php?rest_route=%2Fwp%2Fv2%2Ftags&post=12456"}],"curies":[{"name":"wp","href":"https:\/\/api.w.org\/{rel}","templated":true}]}}