{"id":12537,"date":"2020-09-23T16:08:53","date_gmt":"2020-09-23T21:08:53","guid":{"rendered":"http:\/\/elobservatorio.com.mx\/?p=12537"},"modified":"2020-09-23T16:08:53","modified_gmt":"2020-09-23T21:08:53","slug":"regidor-serapio-de-casas-apoya-a-mario-delgado-para-dirigir-morena","status":"publish","type":"post","link":"http:\/\/elobservatorio.com.mx\/?p=12537","title":{"rendered":"Regidor Serapio de Casas apoya a Mario Delgado para dirigir Morena"},"content":{"rendered":"<p>Tecom\u00e1n, Colima, M\u00e9xico.- Serapio de Casas Miramontes, expres\u00f3 su apoyo al diputado federal Mario Delgado para buscar la dirigencia nacional de este partido.<\/p>\n<p>\u201cVamos avanzando con firmeza en la construcci\u00f3n de la unidad en nuestro partido Morena\u00bb y con el apoyo de nuestro amigo Mario Delgado lograremos el objetivo.<\/p>\n<p>Serapio de Casas, coment\u00f3 que Mario Delgado dio a conocer que se asumir\u00e1 entre todos el reto de garantizar que el proyecto de transformaci\u00f3n de nuestro presidente Lopez Obrador siga adelante\u201d.<\/p>\n<p>De ganar la encuesta por medio de la cual se definir\u00e1 la presidencia y la secretar\u00eda general del partido, Delgado Carrillo, propondr\u00e1 destinar el 50 por ciento de los recursos del partido para la distribuci\u00f3n de la vacuna de Covid-19, indic\u00f3 Serapio de Casas, actual regidor en Tecom\u00e1n.<\/p>\n<p>Tambi\u00e9n ofreci\u00f3 que m\u00e1s mujeres, j\u00f3venes e ind\u00edgenas est\u00e9n representadas en el partido. \u201cMario Delgado se ha comprometido a garantizar la paridad, impulsar el relevo generacional y considerar la deuda hist\u00f3rica con las comunidades ind\u00edgenas\u201d, dijo De Casas Miramontes.<\/p>\n<p>Por su parte Guillermo Toscano respaldo el trabajo que ha venido realizando el regidor Serapio de Casas en el municipio de Tecom\u00e1n, quien ha presentado iniciativas, puntos de acuerdo y propuesta en beneficio de la sociedad Tecomense en general.<\/p>\n<p>Este medio d\u00eda, Serapio de Casas, acompa\u00f1ado del diputado local Guillermo Toscano Reyes y de militantes y simpatizantes de Morena en Tecom\u00e1n, colocaron lonas en lugares estrat\u00e9gicos en el municipio, para dar a conocer el respaldo y apoyo a favor de Mario Delgado Carrillo, diputado federal.<\/p>\n","protected":false},"excerpt":{"rendered":"<p>Tecom\u00e1n, Colima, M\u00e9xico.- Serapio de Casas Miramontes, expres\u00f3 su apoyo al diputado federal Mario Delgado para buscar la dirigencia nacional de este partido. \u201cVamos avanzando con firmeza en la construcci\u00f3n de la unidad en nuestro partido Morena\u00bb y con el apoyo de nuestro amigo Mario Delgado lograremos el objetivo. Serapio de Casas, coment\u00f3 que Mario&#8230;<\/p>\n","protected":false},"author":2,"featured_media":12538,"comment_status":"open","ping_status":"open","sticky":false,"template":"","format":"standard","meta":{"footnotes":""},"categories":[10],"tags":[29,30,28],"class_list":["post-12537","post","type-post","status-publish","format-standard","has-post-thumbnail","hentry","category-politica","tag-grid","tag-news","tag-slider"],"_links":{"self":[{"href":"http:\/\/elobservatorio.com.mx\/index.php?rest_route=\/wp\/v2\/posts\/12537"}],"collection":[{"href":"http:\/\/elobservatorio.com.mx\/index.php?rest_route=\/wp\/v2\/posts"}],"about":[{"href":"http:\/\/elobservatorio.com.mx\/index.php?rest_route=\/wp\/v2\/types\/post"}],"author":[{"embeddable":true,"href":"http:\/\/elobservatorio.com.mx\/index.php?rest_route=\/wp\/v2\/users\/2"}],"replies":[{"embeddable":true,"href":"http:\/\/elobservatorio.com.mx\/index.php?rest_route=%2Fwp%2Fv2%2Fcomments&post=12537"}],"version-history":[{"count":0,"href":"http:\/\/elobservatorio.com.mx\/index.php?rest_route=\/wp\/v2\/posts\/12537\/revisions"}],"wp:featuredmedia":[{"embeddable":true,"href":"http:\/\/elobservatorio.com.mx\/index.php?rest_route=\/wp\/v2\/media\/12538"}],"wp:attachment":[{"href":"http:\/\/elobservatorio.com.mx\/index.php?rest_route=%2Fwp%2Fv2%2Fmedia&parent=12537"}],"wp:term":[{"taxonomy":"category","embeddable":true,"href":"http:\/\/elobservatorio.com.mx\/index.php?rest_route=%2Fwp%2Fv2%2Fcategories&post=12537"},{"taxonomy":"post_tag","embeddable":true,"href":"http:\/\/elobservatorio.com.mx\/index.php?rest_route=%2Fwp%2Fv2%2Ftags&post=12537"}],"curies":[{"name":"wp","href":"https:\/\/api.w.org\/{rel}","templated":true}]}}