{"id":12540,"date":"2020-09-23T16:33:25","date_gmt":"2020-09-23T21:33:25","guid":{"rendered":"http:\/\/elobservatorio.com.mx\/?p=12540"},"modified":"2020-09-23T16:33:25","modified_gmt":"2020-09-23T21:33:25","slug":"funcionarios-que-buscan-candidaturas-deben-renunciar-en-octubre-amlo","status":"publish","type":"post","link":"http:\/\/elobservatorio.com.mx\/?p=12540","title":{"rendered":"Funcionarios que buscan candidaturas deben renunciar en octubre: AMLO"},"content":{"rendered":"<p><em>*Dijo que no se puede aprovechar el gobierno para promocionarse por lo que deber\u00e1n renunciar y no solicitar licencia<\/em><\/p>\n<p><b>Ciudad de M\u00e9xico.-<\/b>\u00a0Andr\u00e9s Manuel L\u00f3pez Obrador, presidente de M\u00e9xico, dej\u00f3 en claro a<b> l<\/b>os funcionarios que busquen una candidatura para las elecciones de 2021 deben renunciar en octubre pr\u00f3ximo.<\/p>\n<p>El jefe del Ejecutivo federal asegur\u00f3 que\u00a0no se pueden mezclar cuestiones partidistas con el gobierno que encabeza.<\/p>\n<p>\u00abTodos los que tienen aspiraciones para participar como candidatos en las elecciones del a\u00f1o pr\u00f3ximo tienen que abandonar el gobierno lo m\u00e1s pronto posible, ya tiene que empezar a cambiar de trabajo. Voy a decidirlo, ya, pero muy pronto se tienen que ir los que aspiran a ocupar un cargo, porque no se puede mezclar lo partidista con el gobierno\u201d, enfatiz\u00f3.<\/p>\n<p>\u00abAprovecho para decirles, de una vez, que a m\u00e1s tardar en octubre, a finales de octubre (deben renunciar)\u201d, declar\u00f3 L\u00f3pez Obrador, aunque no confirm\u00f3 si hay funcionarios de su gabinete que buscar\u00e1n una candidatura.<\/p>\n<p>El mandatario mexicano destac\u00f3 que dicha<b>\u00a0renuncia ser\u00e1 \u201cdefinitiva\u201d y que no habr\u00e1 licencias \u201cpara que no haya ning\u00fan v\u00ednculo\u201d<\/b>, aunque abri\u00f3 la posibilidad a que puedan volver a ser contratados por su Administraci\u00f3n en un futuro.<\/p>\n<p>\u201cNo se van corridos, no se van mal vistos porque es un derecho a aspirar a representar al pueblo. Estoy seguro que los que renuncien con ese prop\u00f3sito van a ir a ayudar, no estoy recomendando a nadie.\u201d, enfatiz\u00f3.<\/p>\n<p>\u00abLo que no quiero es que a la sombra del gobierno se promuevan candidaturas, como era antes\u201d, subray\u00f3.<\/p>\n<p>L\u00f3pez Obrador recalc\u00f3 que tiene el compromiso \u201cde\u00a0<b>hacer valer la democracia<\/b>\u201d y espera que los gobernadores del pa\u00eds sigan su ejemplo, adem\u00e1s de que\u00a0<b>todas las denuncias que lleguen se dar\u00e1n a conocer \u201csiempre y cuando no haya politiquer\u00eda\u201d para favorecer a alg\u00fan candidato<\/b>.<\/p>\n<p><em>Con informaci\u00f3n de zocalo.com.mx<\/em><\/p>\n","protected":false},"excerpt":{"rendered":"<p>*Dijo que no se puede aprovechar el gobierno para promocionarse por lo que deber\u00e1n renunciar y no solicitar licencia Ciudad de M\u00e9xico.-\u00a0Andr\u00e9s Manuel L\u00f3pez Obrador, presidente de M\u00e9xico, dej\u00f3 en claro a los funcionarios que busquen una candidatura para las elecciones de 2021 deben renunciar en octubre pr\u00f3ximo. El jefe del Ejecutivo federal asegur\u00f3 que\u00a0no&#8230;<\/p>\n","protected":false},"author":2,"featured_media":12541,"comment_status":"open","ping_status":"open","sticky":false,"template":"","format":"standard","meta":{"footnotes":""},"categories":[13],"tags":[29,30,28],"class_list":["post-12540","post","type-post","status-publish","format-standard","has-post-thumbnail","hentry","category-nacion-y-mundo","tag-grid","tag-news","tag-slider"],"_links":{"self":[{"href":"http:\/\/elobservatorio.com.mx\/index.php?rest_route=\/wp\/v2\/posts\/12540"}],"collection":[{"href":"http:\/\/elobservatorio.com.mx\/index.php?rest_route=\/wp\/v2\/posts"}],"about":[{"href":"http:\/\/elobservatorio.com.mx\/index.php?rest_route=\/wp\/v2\/types\/post"}],"author":[{"embeddable":true,"href":"http:\/\/elobservatorio.com.mx\/index.php?rest_route=\/wp\/v2\/users\/2"}],"replies":[{"embeddable":true,"href":"http:\/\/elobservatorio.com.mx\/index.php?rest_route=%2Fwp%2Fv2%2Fcomments&post=12540"}],"version-history":[{"count":0,"href":"http:\/\/elobservatorio.com.mx\/index.php?rest_route=\/wp\/v2\/posts\/12540\/revisions"}],"wp:featuredmedia":[{"embeddable":true,"href":"http:\/\/elobservatorio.com.mx\/index.php?rest_route=\/wp\/v2\/media\/12541"}],"wp:attachment":[{"href":"http:\/\/elobservatorio.com.mx\/index.php?rest_route=%2Fwp%2Fv2%2Fmedia&parent=12540"}],"wp:term":[{"taxonomy":"category","embeddable":true,"href":"http:\/\/elobservatorio.com.mx\/index.php?rest_route=%2Fwp%2Fv2%2Fcategories&post=12540"},{"taxonomy":"post_tag","embeddable":true,"href":"http:\/\/elobservatorio.com.mx\/index.php?rest_route=%2Fwp%2Fv2%2Ftags&post=12540"}],"curies":[{"name":"wp","href":"https:\/\/api.w.org\/{rel}","templated":true}]}}