{"id":12553,"date":"2020-09-23T21:46:14","date_gmt":"2020-09-24T02:46:14","guid":{"rendered":"http:\/\/elobservatorio.com.mx\/?p=12553"},"modified":"2020-09-23T21:46:14","modified_gmt":"2020-09-24T02:46:14","slug":"por-falta-de-recurso-federal-suspenden-programa-de-escuela-de-tiempo-completo-se","status":"publish","type":"post","link":"http:\/\/elobservatorio.com.mx\/?p=12553","title":{"rendered":"Por falta de recurso federal suspenden programa de Escuela de Tiempo Completo: SE"},"content":{"rendered":"<p class=\"x_MsoNormal\"><i>*Hasta el momento no se ha formalizado la \u201cadenda\u201d al Convenio Marco 2020, que permita el pago a figuras educativas de septiembre a diciembre de 2020.<\/i><\/p>\n<p class=\"x_MsoNormal\"><i>*Sin la operaci\u00f3n de este programa se deja de beneficiar a 40 mil 101 alumnos de 325 escuelas, as\u00ed como a m\u00e1s de 2 mil\u00a0 figuras educativas participantes en el programa.<\/i><\/p>\n<p class=\"x_MsoNormal\">La Secretar\u00eda de Educaci\u00f3n informa que ante la incertidumbre en la entrega de recursos por parte del gobierno federal, ha decidido suspender de manera temporal el Programa de Escuelas de Tiempo Completo (PETC), debido a que no hay un compromiso de entrega de los recursos complementarios, necesarios para el pago del apoyo econ\u00f3mico por cubrir las horas adicionales a la jornada escolar, a las figuras educativas que laboran en los 325 planteles, por el periodo septiembre-diciembre del a\u00f1o en curso.<\/p>\n<p class=\"x_MsoNormal\">La dependencia educativa refiere que el presupuesto para el primer semestre de este a\u00f1o, seg\u00fan el Convenio Marco para la Operaci\u00f3n del Programa, ya fue cumplido por la autoridad federal y cuya planeaci\u00f3n, de acuerdo a las indicaciones de la Coordinaci\u00f3n Nacional del PETC, se elabor\u00f3 considerando el periodo de enero a junio.<\/p>\n<p class=\"x_MsoNormal\">En el primer semestre del a\u00f1o, se ejerci\u00f3 el 59% del recurso de un monto m\u00e1ximo equivalente al 61%, del presupuesto autorizado para apoyo econ\u00f3mico al personal, del cual a la brevedad se dispersar\u00e1 el 2% restante para completar el gasto m\u00e1ximo en este rubro.<\/p>\n<p class=\"x_MsoNormal\">Para el periodo de septiembre a diciembre del presente a\u00f1o, se determin\u00f3 con la autoridad educativa federal una adenda al Convenio Marco, la cual a la fecha no se tiene la certeza en su cumplimiento y cuyo recurso se destinar\u00eda para el pago a las figuras educativas.<\/p>\n<p class=\"x_MsoNormal\">Actualmente se cuenta con el presupuesto que de acuerdo a las reglas de operaci\u00f3n 2020, s\u00f3lo puede destinarse a servicios de alimentaci\u00f3n, recursos a escuelas para adquisici\u00f3n de bienes y servicios, as\u00ed como apoyos a la implementaci\u00f3n local del programa.<\/p>\n<p class=\"x_MsoNormal\">La dependencia estatal se\u00f1ala que esta problem\u00e1tica se ha presentado en todas las entidades del pa\u00eds, por lo que algunos estados est\u00e1n tomando medidas similares respecto a este programa, que en Colima beneficia 40 mil 101 alumnos de 325 escuelas, as\u00ed como a m\u00e1s de 2 mil figuras educativas entre directores, docentes, intendentes y coordinadores escolares del servicio de alimentaci\u00f3n.<\/p>\n<p class=\"x_MsoNormal\">Es importante destacar que el gobernador Jos\u00e9 Ignacio Peralta S\u00e1nchez, as\u00ed como la autoridad educativa local, se han manifestado en diversos espacios y foros, a la vez que han realizado gestiones ante la Secretar\u00eda de Educaci\u00f3n P\u00fablica, para que se otorguen los recursos necesarios y suficientes cumplir con la operaci\u00f3n a cabalidad en el presente a\u00f1o, as\u00ed como la continuidad y\u00a0 el incremento del presupuesto asignado al programa en la entidad, para mayor beneficio de la poblaci\u00f3n.<\/p>\n<p class=\"x_MsoNormal\">Asimismo se ha informado de la situaci\u00f3n a las Secciones 6 y 39 del SNTE, y se han sumado voces en el Congreso de la Uni\u00f3n, en el Senado de la Rep\u00fablica y el Congreso del Estado solicitado que se cumpla el presupuesto para el 2020 y que el pr\u00f3ximo a\u00f1o contin\u00faen los recursos para este programa.<\/p>\n<p class=\"x_MsoNormal\">Finalmente, la dependencia educativa ha informado mediante reuniones regionales informativas virtuales a jefes de sector, supervisores y directores escolares que participan en el programa sobre la determinaci\u00f3n de la autoridad educativa.<\/p>\n","protected":false},"excerpt":{"rendered":"<p>*Hasta el momento no se ha formalizado la \u201cadenda\u201d al Convenio Marco 2020, que permita el pago a figuras educativas de septiembre a diciembre de 2020. *Sin la operaci\u00f3n de este programa se deja de beneficiar a 40 mil 101 alumnos de 325 escuelas, as\u00ed como a m\u00e1s de 2 mil\u00a0 figuras educativas participantes en&#8230;<\/p>\n","protected":false},"author":2,"featured_media":12554,"comment_status":"open","ping_status":"open","sticky":false,"template":"","format":"standard","meta":{"footnotes":""},"categories":[16],"tags":[29,30,28],"class_list":["post-12553","post","type-post","status-publish","format-standard","has-post-thumbnail","hentry","category-gobierno","tag-grid","tag-news","tag-slider"],"_links":{"self":[{"href":"http:\/\/elobservatorio.com.mx\/index.php?rest_route=\/wp\/v2\/posts\/12553"}],"collection":[{"href":"http:\/\/elobservatorio.com.mx\/index.php?rest_route=\/wp\/v2\/posts"}],"about":[{"href":"http:\/\/elobservatorio.com.mx\/index.php?rest_route=\/wp\/v2\/types\/post"}],"author":[{"embeddable":true,"href":"http:\/\/elobservatorio.com.mx\/index.php?rest_route=\/wp\/v2\/users\/2"}],"replies":[{"embeddable":true,"href":"http:\/\/elobservatorio.com.mx\/index.php?rest_route=%2Fwp%2Fv2%2Fcomments&post=12553"}],"version-history":[{"count":0,"href":"http:\/\/elobservatorio.com.mx\/index.php?rest_route=\/wp\/v2\/posts\/12553\/revisions"}],"wp:featuredmedia":[{"embeddable":true,"href":"http:\/\/elobservatorio.com.mx\/index.php?rest_route=\/wp\/v2\/media\/12554"}],"wp:attachment":[{"href":"http:\/\/elobservatorio.com.mx\/index.php?rest_route=%2Fwp%2Fv2%2Fmedia&parent=12553"}],"wp:term":[{"taxonomy":"category","embeddable":true,"href":"http:\/\/elobservatorio.com.mx\/index.php?rest_route=%2Fwp%2Fv2%2Fcategories&post=12553"},{"taxonomy":"post_tag","embeddable":true,"href":"http:\/\/elobservatorio.com.mx\/index.php?rest_route=%2Fwp%2Fv2%2Ftags&post=12553"}],"curies":[{"name":"wp","href":"https:\/\/api.w.org\/{rel}","templated":true}]}}