{"id":12562,"date":"2020-09-23T22:42:13","date_gmt":"2020-09-24T03:42:13","guid":{"rendered":"http:\/\/elobservatorio.com.mx\/?p=12562"},"modified":"2020-09-23T22:44:39","modified_gmt":"2020-09-24T03:44:39","slug":"12562","status":"publish","type":"post","link":"http:\/\/elobservatorio.com.mx\/?p=12562","title":{"rendered":"\u2018Ya me lo merec\u00eda\u2019: Vicente Fern\u00e1ndez Jr. asegura boda con su nueva novia"},"content":{"rendered":"<p>Guadalajara.- Vicente Fern\u00e1ndez Jr. no le teme al compromiso, pues a pesar de los problemas legales a los que se enfrenta contra Karina Orteg\u00f3n, de quien a\u00fan no se ha podido divorciar, el hermano mayor de \u00abEl Potrillo\u00bb est\u00e1 dispuesto a formalizar con su nueva pareja Mariana Gonz\u00e1lez<\/p>\n<p>Ya me lo merec\u00eda, claro que siempre hay planes para todo, yo creo que 2021. Ustedes me van a acompa\u00f1ar a llevarle el anillo (de compromiso) y a pedir la fecha\u00bb, expres\u00f3 Fern\u00e1ndez a medios de comunicaci\u00f3n que lo abordaron en el aeropuerto de Guadalajara tras varios d\u00edas de vacacionar en Canc\u00fan junto con su novia.<\/p>\n<p><strong>El hijo del \u00abCharro de Huentit\u00e1n\u00bb\u00a0<\/strong>no habl\u00f3 de sus problemas legales derivados de su relaci\u00f3n con Orteg\u00f3n para no perjudicar los procesos, sin embargo,\u00a0<strong>Mariana Gonz\u00e1lez, quien es menor que \u00e9l 19 a\u00f1os, dijo apoyarlo.<\/strong><\/p>\n<p><strong><br \/>\n<\/strong>\u00abYo lo estoy apoyando en todo. Ella es pasado, pero se ha empe\u00f1ado en querer seguir siendo su presente, porque aqu\u00ed la que ha levantado (quejas) ha sido ella. Yo muy contenta y le deseo lo mejor a la se\u00f1ora.\u00bbS\u00e9 que todo se va arreglar y s\u00e9 que todo esto es mentira totalmente\u00bb.<\/p>\n<p><strong>Vicente Fern\u00e1ndez Jr. enfrenta dos denuncias por parte de su ex mujer Karina Orteg\u00f3n,<\/strong>\u00a0una fue interpuesta a finales de agosto ante el Centro de Justicia para las Mujeres del Estado de Jalisco,\u00a0<strong>por supuesta violencia intrafamiliar.<br \/>\n<\/strong><br \/>\nLa m\u00e1s reciente se realiz\u00f3 a inicio de septiembre ante la Fiscal\u00eda del Estado por tocar a una menor de edad.\u00a0La supuesta v\u00edctima es la hija de 14 a\u00f1os de Orteg\u00f3n.<\/p>\n<p>Orteg\u00f3n y Fern\u00e1ndez Jr. se casaron en agosto de 2017, y aunque en enero anunciaron oficialmente su separaci\u00f3n, a\u00fan no est\u00e1n divorciados legalmente<\/p>\n<p><em>Con informaci\u00f3n de Zocalo.com.mx\u00a0<\/em><\/p>\n","protected":false},"excerpt":{"rendered":"<p>Guadalajara.- Vicente Fern\u00e1ndez Jr. no le teme al compromiso, pues a pesar de los problemas legales a los que se enfrenta contra Karina Orteg\u00f3n, de quien a\u00fan no se ha podido divorciar, el hermano mayor de \u00abEl Potrillo\u00bb est\u00e1 dispuesto a formalizar con su nueva pareja Mariana Gonz\u00e1lez Ya me lo merec\u00eda, claro que siempre&#8230;<\/p>\n","protected":false},"author":2,"featured_media":12563,"comment_status":"open","ping_status":"open","sticky":false,"template":"","format":"standard","meta":{"footnotes":""},"categories":[32],"tags":[29,30,28],"class_list":["post-12562","post","type-post","status-publish","format-standard","has-post-thumbnail","hentry","category-escenario","tag-grid","tag-news","tag-slider"],"_links":{"self":[{"href":"http:\/\/elobservatorio.com.mx\/index.php?rest_route=\/wp\/v2\/posts\/12562"}],"collection":[{"href":"http:\/\/elobservatorio.com.mx\/index.php?rest_route=\/wp\/v2\/posts"}],"about":[{"href":"http:\/\/elobservatorio.com.mx\/index.php?rest_route=\/wp\/v2\/types\/post"}],"author":[{"embeddable":true,"href":"http:\/\/elobservatorio.com.mx\/index.php?rest_route=\/wp\/v2\/users\/2"}],"replies":[{"embeddable":true,"href":"http:\/\/elobservatorio.com.mx\/index.php?rest_route=%2Fwp%2Fv2%2Fcomments&post=12562"}],"version-history":[{"count":0,"href":"http:\/\/elobservatorio.com.mx\/index.php?rest_route=\/wp\/v2\/posts\/12562\/revisions"}],"wp:featuredmedia":[{"embeddable":true,"href":"http:\/\/elobservatorio.com.mx\/index.php?rest_route=\/wp\/v2\/media\/12563"}],"wp:attachment":[{"href":"http:\/\/elobservatorio.com.mx\/index.php?rest_route=%2Fwp%2Fv2%2Fmedia&parent=12562"}],"wp:term":[{"taxonomy":"category","embeddable":true,"href":"http:\/\/elobservatorio.com.mx\/index.php?rest_route=%2Fwp%2Fv2%2Fcategories&post=12562"},{"taxonomy":"post_tag","embeddable":true,"href":"http:\/\/elobservatorio.com.mx\/index.php?rest_route=%2Fwp%2Fv2%2Ftags&post=12562"}],"curies":[{"name":"wp","href":"https:\/\/api.w.org\/{rel}","templated":true}]}}