{"id":12613,"date":"2020-09-29T12:12:30","date_gmt":"2020-09-29T17:12:30","guid":{"rendered":"http:\/\/elobservatorio.com.mx\/?p=12613"},"modified":"2020-09-29T12:12:30","modified_gmt":"2020-09-29T17:12:30","slug":"inicia-ciclo-escolar-2020-21-en-la-universidad-de-colima","status":"publish","type":"post","link":"http:\/\/elobservatorio.com.mx\/?p=12613","title":{"rendered":"Inicia ciclo escolar 2020-21 en la Universidad de Colima"},"content":{"rendered":"<p><em>*El rector Jos\u00e9 Eduardo Hern\u00e1ndez Nava dio un mensaje de bienvenida, en vivo, en el que llam\u00f3 a no perder la confianza en el esp\u00edritu humano y a seguir unidos para salir pronto y m\u00e1s fortalecidos de esta contingencia sanitaria.<\/em><\/p>\n<p>Con un mensaje en el que llama a mantener la confianza en la fortaleza del esp\u00edritu humano, especialmente en tiempos dif\u00edciles como el que enfrentan M\u00e9xico y el mundo por la pandemia, el rector Jos\u00e9 Eduardo Hern\u00e1ndez Nava inaugur\u00f3 este lunes por la ma\u00f1ana el ciclo escolar 2020-2021 de la Universidad de Colima; \u201ces y debe ser en las universidades \u2013coment\u00f3\u2013, donde la gente confluye con sus mejores talentos para buscar y ense\u00f1ar la verdad desde el humanismo y la ciencia, donde jam\u00e1s debemos perder la esperanza en las capacidades humanas\u201d.<\/p>\n<p>Dirigi\u00f3 su mensaje desde la sala de juntas de rector\u00eda, v\u00eda internet, acompa\u00f1ado por Christian Torres Ortiz Zerme\u00f1o, secretario general de la UdeC; por Joel Nino, presidente de la Federaci\u00f3n de Estudiantes Colimense; por Luis Enrique Zamorano Manr\u00edquez, secretario general del Sindicato \u00danico de Trabajadores de la Universidad de Colima y Carlos Eduardo Monroy Galindo, coordinador general de Docencia.<\/p>\n<p><strong>\u00a0<\/strong>En su mensaje, que fue transmitido por la p\u00e1gina oficial de la Universidad, as\u00ed como por los medios de comunicaci\u00f3n de la propia instituci\u00f3n y redes sociales, se\u00f1al\u00f3 que debido a la contingencia sanitaria que atraviesa hoy en d\u00eda el estado, es pa\u00eds y el mundo entero, \u201ces que iniciamos un nuevo ciclo escolar sin poder compartir un mismo espacio, por lo que quiero pedirles que recuperen la confianza en la fortaleza del ser humano, esa fortaleza que ha hecho posible, por m\u00e1s de 80 a\u00f1os, que nuestra instituci\u00f3n contribuya decididamente al desarrollo acad\u00e9mico, cient\u00edfico y cultural del estado\u201d.<\/p>\n<p>Agreg\u00f3 que \u201cel esp\u00edritu que se forja en una universidad es el que ha hecho posible que los hombres y las mujeres de Colima, a pesar de las crisis, contin\u00faen generando y aplicando el conocimiento en sus laboratorios, con sus c\u00e1lculos y sus preguntas, para dejar atr\u00e1s los d\u00edas oscuros que suelen atravesar las naciones a lo largo de su historia\u201d.<\/p>\n<p>\u201cPorque es en los momentos de incertidumbre \u2013dijo\u2013, de mayor desaliento, cuando el esp\u00edritu humano debe se\u00f1alar, apoyado en su capacidad de an\u00e1lisis, en sus saberes y experiencias, en su curiosidad y su humor, las nuevas rutas a seguir, o bien trazar caminos nuevos por los que podamos transitar hacia una mejor comprensi\u00f3n de la naturaleza, de nosotros mismos, y hacia un futuro donde sea posible lograr nuestra plenitud\u201d.<\/p>\n<p>A los j\u00f3venes que ingresan por primera vez a la Universidad de Colima, el rector los exhort\u00f3 a que conf\u00eden en su propia fortaleza, \u201cpero tambi\u00e9n en sus maestros, maestras, en sus compa\u00f1eros y en todos los que integramos la comunidad universitaria, para que puedan vivir la instituci\u00f3n en toda su plenitud y la conviertan en su segunda casa, no nada m\u00e1s los a\u00f1os que estudien en ella sino toda la vida, porque uno lleva la identidad universitaria siempre y recuerda despu\u00e9s estos a\u00f1os como la \u00e9poca en que se permiti\u00f3 abrir la mente y el esp\u00edritu a otras ideas, a nuevas formas de entender y analizar la realidad\u201d.<\/p>\n<p>A los que ya conocen la Universidad, agreg\u00f3, como estudiantes o trabajadores, \u201cles recuerdo que la instituci\u00f3n no est\u00e1 constituida s\u00f3lo por los edificios, los laboratorios, los teatros o espacios deportivos. La instituci\u00f3n la integramos todos con nuestro trabajo y el esfuerzo colectivo, con nuestras acciones diarias\u201d.<\/p>\n<p>La comunidad universitaria, dijo el rector, al generar y transmitir el conocimiento, \u201csirve de faro a la sociedad en la que se desarrolla y de la que surge. Por eso no podemos perder la confianza en nuestras capacidades. Nuestro trabajo \u2013no debemos olvidarlo\u2013 es agrandar los horizontes de la ciencia, formar con calidad a las nuevas generaciones y contribuir al desarrollo local y de la regi\u00f3n\u201d.<\/p>\n<p>Por \u00faltimo, coment\u00f3 que la instituci\u00f3n ha venido superando las crisis sucesivas a lo largo de ochenta a\u00f1os, gracias a la uni\u00f3n entre quienes integran la comunidad universitaria, y que esta contingencia no ser\u00e1 la excepci\u00f3n; \u201cpronto superaremos estos d\u00edas complicados y saldremos de ellos con saberes nuevos; porque la naturaleza del esp\u00edritu humano es ir m\u00e1s all\u00e1 de los problemas y porque adem\u00e1s, el esp\u00edritu de las y los universitarios, especialmente, se fortalece ante la adversidad\u201d.<\/p>\n<p>Al t\u00e9rmino del mensaje de bienvenida que dio el rector Eduardo Hern\u00e1ndez Nava, se enton\u00f3 el Himno Universitario y despu\u00e9s se transmiti\u00f3 un video referente a los ochenta a\u00f1os de historia de la Universidad de Colima.<\/p>\n<p>El presente ciclo escolar se realizar\u00e1 de manera mixta; esto es, en l\u00ednea y de manera presencial, seg\u00fan lo vaya permitiendo el sem\u00e1foro sanitario, por lo que se recomienda estar atentos a los comunicados oficiales que d\u00e9 a conocer la instituci\u00f3n.<\/p>\n<p>&nbsp;<\/p>\n<p>&nbsp;<\/p>\n","protected":false},"excerpt":{"rendered":"<p>*El rector Jos\u00e9 Eduardo Hern\u00e1ndez Nava dio un mensaje de bienvenida, en vivo, en el que llam\u00f3 a no perder la confianza en el esp\u00edritu humano y a seguir unidos para salir pronto y m\u00e1s fortalecidos de esta contingencia sanitaria. Con un mensaje en el que llama a mantener la confianza en la fortaleza del&#8230;<\/p>\n","protected":false},"author":2,"featured_media":12614,"comment_status":"open","ping_status":"open","sticky":false,"template":"","format":"standard","meta":{"footnotes":""},"categories":[14],"tags":[29,30,28],"class_list":["post-12613","post","type-post","status-publish","format-standard","has-post-thumbnail","hentry","category-educacion-y-cultura","tag-grid","tag-news","tag-slider"],"_links":{"self":[{"href":"http:\/\/elobservatorio.com.mx\/index.php?rest_route=\/wp\/v2\/posts\/12613"}],"collection":[{"href":"http:\/\/elobservatorio.com.mx\/index.php?rest_route=\/wp\/v2\/posts"}],"about":[{"href":"http:\/\/elobservatorio.com.mx\/index.php?rest_route=\/wp\/v2\/types\/post"}],"author":[{"embeddable":true,"href":"http:\/\/elobservatorio.com.mx\/index.php?rest_route=\/wp\/v2\/users\/2"}],"replies":[{"embeddable":true,"href":"http:\/\/elobservatorio.com.mx\/index.php?rest_route=%2Fwp%2Fv2%2Fcomments&post=12613"}],"version-history":[{"count":0,"href":"http:\/\/elobservatorio.com.mx\/index.php?rest_route=\/wp\/v2\/posts\/12613\/revisions"}],"wp:featuredmedia":[{"embeddable":true,"href":"http:\/\/elobservatorio.com.mx\/index.php?rest_route=\/wp\/v2\/media\/12614"}],"wp:attachment":[{"href":"http:\/\/elobservatorio.com.mx\/index.php?rest_route=%2Fwp%2Fv2%2Fmedia&parent=12613"}],"wp:term":[{"taxonomy":"category","embeddable":true,"href":"http:\/\/elobservatorio.com.mx\/index.php?rest_route=%2Fwp%2Fv2%2Fcategories&post=12613"},{"taxonomy":"post_tag","embeddable":true,"href":"http:\/\/elobservatorio.com.mx\/index.php?rest_route=%2Fwp%2Fv2%2Ftags&post=12613"}],"curies":[{"name":"wp","href":"https:\/\/api.w.org\/{rel}","templated":true}]}}