{"id":12619,"date":"2020-09-29T15:13:33","date_gmt":"2020-09-29T20:13:33","guid":{"rendered":"http:\/\/elobservatorio.com.mx\/?p=12619"},"modified":"2020-09-29T15:13:33","modified_gmt":"2020-09-29T20:13:33","slug":"a-la-sindicatura-no-llegue-a-perder-el-tiempo-estamos-cumpliendole-a-la-gente-karina-heredia","status":"publish","type":"post","link":"http:\/\/elobservatorio.com.mx\/?p=12619","title":{"rendered":"A la sindicatura no llegu\u00e9 a perder el tiempo; estamos cumpli\u00e9ndole a la gente: Karina Heredia"},"content":{"rendered":"<p><em>*Uno de las acciones que realic\u00e9 a favor de las mujeres, es sancionar y castigar el acoso callejero, pero adem\u00e1s estamos al tanto de que el presupuesto en otras \u00e1reas se ejecute debidamente, que no por falta de \u00e9ste se detengan los trabajos y quedemos mal ante la sociedad villalvarense<\/em><\/p>\n<p>Belisario Romero | El Observatorio<\/p>\n<p>[Primera de dos partes]<\/p>\n<p>En la entrevista de esta semana toc\u00f3 el turno a la s\u00edndico municipal, Karina Heredia, quien nos recibi\u00f3 en dicho municipio y en una charla amena, nos platic\u00f3 de diversos temas importantes que est\u00e1 realizando como s\u00edndico, y m\u00e1s de\u00a0 c\u00f3mo han enfrentado esos retos en una nueva realidad que vivimos ante una pandemia de <strong>Covid-19.<\/strong><\/p>\n<p><strong>\u00c1MBITO TUR\u00cdSTICO\u00a0<\/strong><\/p>\n<p>Belisario Romero: Karina Villa de Alvarez a nivel estatal es hasta envidiable vivir aqu\u00ed, dado a que tiene s\u00edmbolos y distinciones tur\u00edsticas y tradiciones, pero en esta pandemia como la han enfrentado para que se siga detonando el turismo?<\/p>\n<p>Karina H:Hay tres \u00e1reas aqu\u00ed en la administraci\u00f3n, como es la direcci\u00f3n de Cultura, Fomento Econ\u00f3mico y la de Turismo, que desde el inicio de la administraci\u00f3n han trabajado en coordinaci\u00f3n para fomentar, no solamente las tradiciones y cultura de nuestro municipio, sino para que las personas puedan ver un atractivo en estos espacios.<\/p>\n<p>El a\u00f1o pasado fueron de las \u00e1reas que se les dot\u00f3 un presupuesto considerable para poder desarrollar estas actividades,\u00a0 este a\u00f1o por la pandemia se ha visto muy limitado porque obviamente el turismo se alimenta de la visita de las personas y ante esta pandemia, hemos tenido que quedarnos en casa,\u00a0 evitar\u00a0 salidas y eso ha provocado que no se detone como se quisiera el \u00e1mbito tur\u00edstico de nuestro municipio.<\/p>\n<p>Sin embargo hay muchas acciones que se han realizado, como el caso de las empanadas, antes del 26 al 4 de octubre que es la fecha que se festeja a San Felipe,\u00a0 en el jard\u00edn estaba repleto de negocios de empanadas, de gente que ven\u00edan a visitarnos,\u00a0 la nueva realidad nos obliga a que en esta ocasi\u00f3n sea virtual,\u00a0 y no es que nos vayamos a comer las empanadas virtualmente,\u00a0 pero s\u00ed es una aplicaci\u00f3n donde las panader\u00eda se suman y hay una ruta de las empanadas para que se pueda verificar en d\u00f3nde venden empanadas m\u00e1s cercanas.<\/p>\n<p>Ante se concentraban el jard\u00edn principal de Villa de \u00c1lvarez, ahora ser\u00e1 en los jardines del municipio y\u00a0 muy contados los puestos que van a poder estar para que no haya aglomeraci\u00f3n de gente para que disfruten de esta tradici\u00f3n, esa nueva realidad nos lleva a nuevas tecnolog\u00edas,\u00a0 a buscar la manera de que las tradiciones permanezcan con independencia de las circunstancias que estamos viviendo nuestro pa\u00eds, estado y\u00a0 municipio.<\/p>\n<p><strong>ASIGNACI\u00d3N DE PRESUPUESTO PARA SEGUIR CUMPLIENDO COMPROMISOS<\/strong><\/p>\n<p>C\u00f3mo s\u00edndico del ayuntamiento,\u00a0 formo parte de la Comisi\u00f3n de Hacienda y eso me permite estar al pendiente de todo lo que tiene que ver con el presupuesto tanto de egresos como de ingresos, tenemos reuniones previas para poder realizar en el mes de noviembre y diciembre ambos presupuestos, pero tambi\u00e9n cada uno de nosotros trae propuestas para impulsar acciones.\u00a0 Una de las cuestiones es\u00a0 que el ayuntamiento nace para dar servicios p\u00fablicos a la sociedad, y tengo que velar precisamente en esa \u00e1rea de que tenga el presupuesto suficiente y \u00a0necesario para poder cumplir con las tareas encomendadas, pero tambi\u00e9n hay otras \u00e1reas que no podemos descuidar,\u00a0 que son parte de la agenda que he trabajado estos ya casi dos a\u00f1os.<\/p>\n<p><strong>ATENCI\u00d3N A LA NI\u00d1EZ Y MUJER VILLALVARENSE<\/strong><\/p>\n<p>Uno de los temas de la agenda que ya hemos estado trabajando es la protecci\u00f3n de los ni\u00f1os,\u00a0 ni\u00f1as y adolescentes,\u00a0 velar por sus intereses y por sus derechos de las ni\u00f1as, ni\u00f1os y mujeres, es algo para mi muy importante, dado a la situaci\u00f3n que hemos estado viviendo \u00faltimamente en el estado, es preocupante y he tratado de enfocarme en velar por esos derechos, de buscar de qu\u00e9 forma como s\u00edndico y parte importante \u00a0del municipio,\u00a0 qu\u00e9 podemos aportar, no s\u00f3lo un granito,\u00a0 sino muchos granos de arena para poder cambiar esa situaci\u00f3n,\u00a0 no me gustar\u00eda que pasaran los meses, que pasar\u00e1 la administraci\u00f3n y cuando salga de aqu\u00ed diga, \u00abpude haber hecho esto y no lo hice\u00bb. Trabajo no solo en mis propuestas, si no que me acerco colectivos de mujeres para que ellas puedan darme sus opiniones y sus propuestas,\u00a0 las bajamos y las presentamos.<\/p>\n<p>Hemos dotado de presupuesto al Instituto de la Mujer,\u00a0 al Instituto de la Juventud,\u00a0 al juzgado C\u00edvico,\u00a0 al Sistema de Protecci\u00f3n de Ni\u00f1os, Ni\u00f1as y Adolescentes,\u00a0 al fomento al Deporte,\u00a0 que es algo muy importante para la juventud,\u00a0 que ah\u00ed se sienten las bases de lo que ser\u00eda nuestra ciudadan\u00eda en un futuro y que obviamente, estoy a favor de la ciudadan\u00eda activa,\u00a0 de la participaci\u00f3n social y si no generamos las condiciones,\u00a0 pues dif\u00edcilmente ellos se van a atrever a participar.<\/p>\n<p><strong>SALIMOS A LA CALLE PARA CONOCER Y ATENDER LAS NECESIDADES E INQUIETUDES DE LA GENTE\u00a0\u00a0<\/strong><\/p>\n<p>Inici\u00e9 en el servicio p\u00fablico en el 2008 como directora de la Mujer, me invit\u00f3 Felipe Cruz Calvario a hacer la primera directora de la mujer en el municipio,es ah\u00ed donde se empieza a trabajar el tema de las mujeres,\u00a0 despu\u00e9s me voy como Oficial del Registro Civil y veo muchos temas de Patria Potestad,\u00a0 temas de ni\u00f1ez, despu\u00e9s a la Secretar\u00eda del Trabajo, trabajo y ahora como s\u00edndico, en esta gran oportunidad tan importante.<\/p>\n<p>Creo que muchas personas, funcionarios, personas que ocupamos ciertos espacios,\u00a0 acostumbraban a las personas a que los vieran como intocables,\u00a0 como todopoderosos y nadie m\u00e1s que ellos y cuando tuvieran el tiempo atender a la sociedad, as\u00ed se acostumbr\u00f3. Y muchas personas a\u00fan piensan que todos los servidores p\u00fablicos son as\u00ed y no est\u00e1n acostumbradas a ver a una mujer s\u00edndico que anda barriendo en el jard\u00edn porque quiere que ese jard\u00edn est\u00e9 limpio y que no importa si ma\u00f1ana va, se sienta, revisa\u00a0 y firma documentaci\u00f3n y no importa si al mediod\u00eda se sienta en una sesi\u00f3n de cabildo y hace una propuesta de mejorar las condiciones del municipio, pero m\u00e1s tarde se pone a caminar a las calles\u00a0 a ver cu\u00e1les son las necesidades de las personas. Los fines de semana la ven nuevamente limpiando o barriendo&#8230;<\/p>\n<p>Las ideolog\u00edas pueden ser s\u00faper distintas,\u00a0 yo puedo creer en algo,\u00a0 no importa si soy o no criticada por ese trabajo, porque si lo que queremos realmente es mejorar las condiciones de la ciudadan\u00eda,\u00a0 pues entonces vamos trabajando de manera conjunta y que esa ideolog\u00eda quede de lado. Yo realmente estoy comprometida con este municipio,\u00a0 tengo que tocar todas las puertas,\u00a0 sino imag\u00ednate,\u00a0 si yo me encerrara en mi ideolog\u00eda no podr\u00eda lograr ese beneficio a la ciudadan\u00eda, para la funci\u00f3n\u00a0 que fui electa estar\u00eda traicionando a los ciudadanos si me concentrara nada m\u00e1s en m\u00ed y en los m\u00edos.<\/p>\n<p>Prefiero que la gente me cuestione porque hice algo por ellos a que lo haga porque estuve y no hice nada, esto quiere decir que realmente estamos trabajando para los ciudadanos , que estamos haciendo las cosas y que se est\u00e1 notando lo que estamos haciendo,\u00a0 no voy a dejar a trabajar, no voy a dejar de proponer,\u00a0 no dejar\u00e9 de hacer las cosas para mejorar las condiciones de mi municipio,\u00a0 no voy a dejar a proponer&#8230;<\/p>\n<p><em>&#8230;Continuar\u00e1 la segunda y \u00faltima parte\u00a0<\/em><\/p>\n<p>&nbsp;<\/p>\n","protected":false},"excerpt":{"rendered":"<p>*Uno de las acciones que realic\u00e9 a favor de las mujeres, es sancionar y castigar el acoso callejero, pero adem\u00e1s estamos al tanto de que el presupuesto en otras \u00e1reas se ejecute debidamente, que no por falta de \u00e9ste se detengan los trabajos y quedemos mal ante la sociedad villalvarense Belisario Romero | El Observatorio&#8230;<\/p>\n","protected":false},"author":2,"featured_media":12620,"comment_status":"open","ping_status":"open","sticky":false,"template":"","format":"standard","meta":{"footnotes":""},"categories":[43,42],"tags":[29,30,28],"class_list":["post-12619","post","type-post","status-publish","format-standard","has-post-thumbnail","hentry","category-entrevista","category-villa-de-alvarez","tag-grid","tag-news","tag-slider"],"_links":{"self":[{"href":"http:\/\/elobservatorio.com.mx\/index.php?rest_route=\/wp\/v2\/posts\/12619"}],"collection":[{"href":"http:\/\/elobservatorio.com.mx\/index.php?rest_route=\/wp\/v2\/posts"}],"about":[{"href":"http:\/\/elobservatorio.com.mx\/index.php?rest_route=\/wp\/v2\/types\/post"}],"author":[{"embeddable":true,"href":"http:\/\/elobservatorio.com.mx\/index.php?rest_route=\/wp\/v2\/users\/2"}],"replies":[{"embeddable":true,"href":"http:\/\/elobservatorio.com.mx\/index.php?rest_route=%2Fwp%2Fv2%2Fcomments&post=12619"}],"version-history":[{"count":0,"href":"http:\/\/elobservatorio.com.mx\/index.php?rest_route=\/wp\/v2\/posts\/12619\/revisions"}],"wp:featuredmedia":[{"embeddable":true,"href":"http:\/\/elobservatorio.com.mx\/index.php?rest_route=\/wp\/v2\/media\/12620"}],"wp:attachment":[{"href":"http:\/\/elobservatorio.com.mx\/index.php?rest_route=%2Fwp%2Fv2%2Fmedia&parent=12619"}],"wp:term":[{"taxonomy":"category","embeddable":true,"href":"http:\/\/elobservatorio.com.mx\/index.php?rest_route=%2Fwp%2Fv2%2Fcategories&post=12619"},{"taxonomy":"post_tag","embeddable":true,"href":"http:\/\/elobservatorio.com.mx\/index.php?rest_route=%2Fwp%2Fv2%2Ftags&post=12619"}],"curies":[{"name":"wp","href":"https:\/\/api.w.org\/{rel}","templated":true}]}}