{"id":12686,"date":"2020-09-30T19:43:07","date_gmt":"2020-10-01T00:43:07","guid":{"rendered":"http:\/\/elobservatorio.com.mx\/?p=12686"},"modified":"2020-09-30T19:43:07","modified_gmt":"2020-10-01T00:43:07","slug":"decima-semana-estatal-contra-la-trata-de-personas","status":"publish","type":"post","link":"http:\/\/elobservatorio.com.mx\/?p=12686","title":{"rendered":"D\u00e9cima Semana Estatal contra La Trata de Personas"},"content":{"rendered":"<p>La Presidenta del Patronato DIF y Voluntariado Estatal, Margarita Moreno Gonz\u00e1lez, inform\u00f3 que en el marco de la D\u00e9cima Semana Estatal contra La Trata de Personas, el DIF Estatal se suma a las acciones de sensibilizaci\u00f3n dirigidas a la ni\u00f1ez y adolescencia, donde est\u00e1n compartiendo en redes sociales informaci\u00f3n y videos, con el objetivo de concientizar a este sector, al personal, usuarios y a la poblaci\u00f3n en general, sobre c\u00f3mo protegerse para no ser v\u00edctima de este delito que vulnera los derechos humanos.<\/p>\n","protected":false},"excerpt":{"rendered":"<p>La Presidenta del Patronato DIF y Voluntariado Estatal, Margarita Moreno Gonz\u00e1lez, inform\u00f3 que en el marco de la D\u00e9cima Semana Estatal contra La Trata de Personas, el DIF Estatal se suma a las acciones de sensibilizaci\u00f3n dirigidas a la ni\u00f1ez y adolescencia, donde est\u00e1n compartiendo en redes sociales informaci\u00f3n y videos, con el objetivo de&#8230;<\/p>\n","protected":false},"author":2,"featured_media":12687,"comment_status":"open","ping_status":"open","sticky":false,"template":"","format":"standard","meta":{"footnotes":""},"categories":[16,19],"tags":[29,30,28],"class_list":["post-12686","post","type-post","status-publish","format-standard","has-post-thumbnail","hentry","category-gobierno","category-fotonotas","tag-grid","tag-news","tag-slider"],"_links":{"self":[{"href":"http:\/\/elobservatorio.com.mx\/index.php?rest_route=\/wp\/v2\/posts\/12686"}],"collection":[{"href":"http:\/\/elobservatorio.com.mx\/index.php?rest_route=\/wp\/v2\/posts"}],"about":[{"href":"http:\/\/elobservatorio.com.mx\/index.php?rest_route=\/wp\/v2\/types\/post"}],"author":[{"embeddable":true,"href":"http:\/\/elobservatorio.com.mx\/index.php?rest_route=\/wp\/v2\/users\/2"}],"replies":[{"embeddable":true,"href":"http:\/\/elobservatorio.com.mx\/index.php?rest_route=%2Fwp%2Fv2%2Fcomments&post=12686"}],"version-history":[{"count":0,"href":"http:\/\/elobservatorio.com.mx\/index.php?rest_route=\/wp\/v2\/posts\/12686\/revisions"}],"wp:featuredmedia":[{"embeddable":true,"href":"http:\/\/elobservatorio.com.mx\/index.php?rest_route=\/wp\/v2\/media\/12687"}],"wp:attachment":[{"href":"http:\/\/elobservatorio.com.mx\/index.php?rest_route=%2Fwp%2Fv2%2Fmedia&parent=12686"}],"wp:term":[{"taxonomy":"category","embeddable":true,"href":"http:\/\/elobservatorio.com.mx\/index.php?rest_route=%2Fwp%2Fv2%2Fcategories&post=12686"},{"taxonomy":"post_tag","embeddable":true,"href":"http:\/\/elobservatorio.com.mx\/index.php?rest_route=%2Fwp%2Fv2%2Ftags&post=12686"}],"curies":[{"name":"wp","href":"https:\/\/api.w.org\/{rel}","templated":true}]}}