{"id":12689,"date":"2020-09-30T20:09:33","date_gmt":"2020-10-01T01:09:33","guid":{"rendered":"http:\/\/elobservatorio.com.mx\/?p=12689"},"modified":"2020-09-30T20:09:33","modified_gmt":"2020-10-01T01:09:33","slug":"mujer-va-a-prision-por-robo-calificado-en-manzanillo","status":"publish","type":"post","link":"http:\/\/elobservatorio.com.mx\/?p=12689","title":{"rendered":"Mujer va a prisi\u00f3n por robo calificado, en Manzanillo"},"content":{"rendered":"<p>*Fue detenida en acatamiento a una orden de reaprehensi\u00f3n.<\/p>\n<p>Por el delito de robo calificado, una mujer fue detenida y enviada a prisi\u00f3n en acatamiento a la orden de reaprehensi\u00f3n que hab\u00eda en su contra, por hechos ocurridos en la delegaci\u00f3n de Salagua en Manzanillo.<\/p>\n<p>La Averiguaci\u00f3n Previa establecen que la probable responsable de 24 a\u00f1os de edad cometi\u00f3 el il\u00edcito, por lo que fue detenida por la polic\u00eda investigadora de la Fiscal\u00eda General del Estado (FGE).<\/p>\n<p>Con base en el trabajo realizado por la Fiscal\u00eda del Estado, el juez libr\u00f3 la orden de reaprehensi\u00f3n que le fue ejecutada a esta persona, quien ya se encuentra en el Cereso de Manzanillo a disposici\u00f3n de esta autoridad.<\/p>\n<p>La Fiscal\u00eda contin\u00faa cumpliendo su responsabilidad de investigar y esclarecer los delitos cometidos en el Estado, adem\u00e1s de la b\u00fasqueda y captura de quienes son se\u00f1alados como responsables, para llevarlos ante la justicia y lograr para ellos las sanciones que la ley establece.<\/p>\n<p>Es importante recordar que en esta tarea que realizan las autoridades para prevenir y combatir los delitos, es fundamental la colaboraci\u00f3n de la sociedad a trav\u00e9s de sus denuncias an\u00f3nimas a la l\u00ednea 089, y el reporte de las emergencias al 911, por ello se exhorta a seguirlas realizando con responsabilidad.<\/p>\n<p>&nbsp;<\/p>\n<p>&nbsp;<\/p>\n","protected":false},"excerpt":{"rendered":"<p>*Fue detenida en acatamiento a una orden de reaprehensi\u00f3n. Por el delito de robo calificado, una mujer fue detenida y enviada a prisi\u00f3n en acatamiento a la orden de reaprehensi\u00f3n que hab\u00eda en su contra, por hechos ocurridos en la delegaci\u00f3n de Salagua en Manzanillo. La Averiguaci\u00f3n Previa establecen que la probable responsable de 24&#8230;<\/p>\n","protected":false},"author":2,"featured_media":12690,"comment_status":"open","ping_status":"open","sticky":false,"template":"","format":"standard","meta":{"footnotes":""},"categories":[15],"tags":[29,30,28],"class_list":["post-12689","post","type-post","status-publish","format-standard","has-post-thumbnail","hentry","category-seguridad-y-justicia","tag-grid","tag-news","tag-slider"],"_links":{"self":[{"href":"http:\/\/elobservatorio.com.mx\/index.php?rest_route=\/wp\/v2\/posts\/12689"}],"collection":[{"href":"http:\/\/elobservatorio.com.mx\/index.php?rest_route=\/wp\/v2\/posts"}],"about":[{"href":"http:\/\/elobservatorio.com.mx\/index.php?rest_route=\/wp\/v2\/types\/post"}],"author":[{"embeddable":true,"href":"http:\/\/elobservatorio.com.mx\/index.php?rest_route=\/wp\/v2\/users\/2"}],"replies":[{"embeddable":true,"href":"http:\/\/elobservatorio.com.mx\/index.php?rest_route=%2Fwp%2Fv2%2Fcomments&post=12689"}],"version-history":[{"count":0,"href":"http:\/\/elobservatorio.com.mx\/index.php?rest_route=\/wp\/v2\/posts\/12689\/revisions"}],"wp:featuredmedia":[{"embeddable":true,"href":"http:\/\/elobservatorio.com.mx\/index.php?rest_route=\/wp\/v2\/media\/12690"}],"wp:attachment":[{"href":"http:\/\/elobservatorio.com.mx\/index.php?rest_route=%2Fwp%2Fv2%2Fmedia&parent=12689"}],"wp:term":[{"taxonomy":"category","embeddable":true,"href":"http:\/\/elobservatorio.com.mx\/index.php?rest_route=%2Fwp%2Fv2%2Fcategories&post=12689"},{"taxonomy":"post_tag","embeddable":true,"href":"http:\/\/elobservatorio.com.mx\/index.php?rest_route=%2Fwp%2Fv2%2Ftags&post=12689"}],"curies":[{"name":"wp","href":"https:\/\/api.w.org\/{rel}","templated":true}]}}